{"id":24894,"date":"2015-08-13T19:39:56","date_gmt":"2015-08-14T00:39:56","guid":{"rendered":"http:\/\/contraluzcucuta.co\/?p=24894"},"modified":"2015-08-15T14:30:48","modified_gmt":"2015-08-15T19:30:48","slug":"jornada-de-adhesiones-meneses-con-cesar-rojas-y-entrena-para-donde-acevedo","status":"publish","type":"post","link":"https:\/\/contraluzcucuta.co\/?p=24894","title":{"rendered":"JORNADA DE ADHESIONES. Meneses con C\u00e9sar Rojas, y Entrena para donde Acevedo"},"content":{"rendered":"<p><strong>C\u00daCUTA.<\/strong> Si en las sedes pol\u00edticas de los candidatos a la alcald\u00eda de C\u00facuta, C\u00e9sar Rojas y Jorge Acevedo, se hubieran instalado aplaus\u00f3metros las campa\u00f1as estar\u00edan empatadas o la diferencia estar\u00eda contemplada entre la variable para empate t\u00e9cnico. La jornada de ayer, dedicada a las adhesiones, as\u00ed lo dej\u00f3 marcado.<\/p>\n<p>El pre\u00e1mbulo de las uniones pol\u00edticas, pegadas con promesas pagaderas despu\u00e9s del 25 de octubre, se dio con la llegada de David Hadad a las huestes de Opci\u00f3n Ciudadana, y de \u00c1lvaro Sarmiento a la casa de Cambio Radical. Los dos grupos cantaron con alborozo la buena nueva que sacud\u00eda el panorama cucute\u00f1o.<\/p>\n<p>El 13 de agosto, a cabio de resultar un d\u00eda agorero, sirvi\u00f3 para desatar alegr\u00eda entre los parciales de las dos candidaturas. La ma\u00f1ana comenz\u00f3 con el anuncio de la adhesi\u00f3n del concejal conservador Emerson Meneses a C\u00e9sar Rojas. El sal\u00f3n de reuniones estuvo atiborrado de conservadores que vitorearon al aspirante a la Asamblea de Norte de Santander por tomar esa decisi\u00f3n.<\/p>\n<p>Dos horas despu\u00e9s, el exgobernador Sergio Entrena anunci\u00f3 que de ahora en adelante abandonar\u00e1 su deseo por gobernar a C\u00facuta para plegarse a la intenci\u00f3n de Jorge de Acevedo de ocupar el Palacio Municipal. El patio de la antigua Dacha estuvo rebosado de simpatizantes que aplaudieron a rabiar la decisi\u00f3n del inscrito candidato a la Alcald\u00eda por el Centro Democr\u00e1tico.<\/p>\n<p>En la sede de Rojas, la sala est\u00e1 adornada con un cuadro grande del exalcalde Ramiro Su\u00e1rez para recordarles a los electores cu\u00e1l es la g\u00e9nesis de ese movimiento. En cada discurso la menci\u00f3n al exgobernante es casi obligada. Veteranos en la pol\u00edtica y j\u00f3venes que incursionan en estas lides lo nombran con reverencia.<\/p>\n<p>En la casa de Acevedo no hay afiche alguno que recuerde al expresidente \u00c1lvaro Uribe. Sin embargo, la ausencia en las ayudas publicitarias no impide que a cada instante el nombre del ahora senador se repita con vehemencia. Los oradores tra\u00eddos de Bogot\u00e1 para la ocasi\u00f3n y los criollos rememoran momentos vividos en los ocho a\u00f1os de mandato.<\/p>\n<p>Los aplausos, en ambos casos, retumban acompa\u00f1ados por los viejos \u2018vivas\u2019. Los adeptos a Ramiro o a Uribe no ahorran fuerzas para hacer sonar las manos, ni piensan en la afon\u00eda del d\u00eda siguiente. La orden es batir las palmas y gritar para demostrar fervor por ese par de hombres que orientan sus d\u00edas pol\u00edticos. Ambos son distantes en pensamiento, as\u00ed como las sedes est\u00e1n separadas por largas cuadras cucute\u00f1as para evitar roces.<\/p>\n<p>\u201cEstamos convencidos de que Cesar Rojas tiene la mejor opci\u00f3n para ser el pr\u00f3ximo alcalde de C\u00facuta (2016-2019)\u201d. Lo dijo Emerson Meneses, quien en los comicios pasados obtuvo el respaldo de m\u00e1s de 6000 ciudadanos y se constituy\u00f3 en el concejal con mayor votaci\u00f3n en la capital del departamento.<\/p>\n<p>En la mesa lo acompa\u00f1\u00f3 Carlos Omar Vega, candidato al Concejo. La decisi\u00f3n la madur\u00f3 a lo largo de cuatro meses, hasta quedar convencido de que \u201cla mejor propuesta para la Alcald\u00eda la tiene C\u00e9sar Rojas\u201d. Por eso se comprometi\u00f3 y llev\u00f3 consigo a la nueva fuerza conservadora. Los aplausos volvieron a sonar.<\/p>\n<p>A m\u00e1s de un kil\u00f3metro de distancia, los senadores Alfredo Rangel y Jos\u00e9 Obdulio Gaviria, enviados especiales del expresidente Uribe, destacaban las cualidades de Jorge Acevedo. Lo destaparon como pol\u00edtico, lo recomendaron como candidato y lo ponderaron por su anhelo de servirles a los cucute\u00f1os.<\/p>\n<p>\u201cConsideren ustedes nuestra presencia ac\u00e1 como una suerte de avanzadilla. Somos la avanzada de la presencia del presidente Uribe en los pr\u00f3ximos meses para apoyar a Jorge Acevedo\u201d, dijo Rangel. \u201cEstoy aqu\u00ed por invitaci\u00f3n de Sergio Entrena, no por Jorge\u201d, explic\u00f3 Gaviria en su turno al micr\u00f3fono.<\/p>\n<p>En las dos sedes, tanto la del barrio Lleras como la de La Playa, los elogios para los candidatos no faltaron. Y los aplausos menos. Al final, los seguidores de una y otra campa\u00f1a regresaron a casa con el convencimiento de que Acevedo y Rojas ser\u00e1n los alcaldes, porque as\u00ed lo demostr\u00f3 el aplaus\u00f3metro. El veredicto real ser\u00e1 el 25 de octubre.<\/p>\n<p><strong>RAFAEL ANTONIO PAB\u00d3N<\/strong><\/p>\n<p><strong><a href=\"mailto:rafaelpabon58@hotmail.com\">rafaelpabon58@hotmail.com<\/a><\/strong><\/p>\n<p><strong>Foto: <a href=\"http:\/\/www.contraluzcuucta.co\">www.contraluzcuucta.co<\/a><\/strong><\/p>\n<p>&nbsp;<\/p>\n<p>&nbsp; <\/p>\n","protected":false},"excerpt":{"rendered":"<p>C\u00daCUTA. Si en las sedes pol\u00edticas de los candidatos a la alcald\u00eda de C\u00facuta, C\u00e9sar Rojas y Jorge Acevedo, se hubieran instalado aplaus\u00f3metros las campa\u00f1as estar\u00edan empatadas o la diferencia estar\u00eda contemplada entre la variable para empate t\u00e9cnico. La jornada de ayer, dedicada a las adhesiones, as\u00ed lo dej\u00f3 marcado. El pre\u00e1mbulo de las uniones &hellip;<\/p>\n","protected":false},"author":1,"featured_media":24896,"comment_status":"open","ping_status":"open","sticky":false,"template":"","format":"standard","meta":{"footnotes":""},"categories":[6],"tags":[108,2463,2192],"class_list":["post-24894","post","type-post","status-publish","format-standard","has-post-thumbnail","hentry","category-ojo-avizor","tag-candidato-a-la-alcaldia-de-cucuta","tag-cesar-rojas","tag-jorge-acevedo"],"_links":{"self":[{"href":"https:\/\/contraluzcucuta.co\/index.php?rest_route=\/wp\/v2\/posts\/24894","targetHints":{"allow":["GET"]}}],"collection":[{"href":"https:\/\/contraluzcucuta.co\/index.php?rest_route=\/wp\/v2\/posts"}],"about":[{"href":"https:\/\/contraluzcucuta.co\/index.php?rest_route=\/wp\/v2\/types\/post"}],"author":[{"embeddable":true,"href":"https:\/\/contraluzcucuta.co\/index.php?rest_route=\/wp\/v2\/users\/1"}],"replies":[{"embeddable":true,"href":"https:\/\/contraluzcucuta.co\/index.php?rest_route=%2Fwp%2Fv2%2Fcomments&post=24894"}],"version-history":[{"count":1,"href":"https:\/\/contraluzcucuta.co\/index.php?rest_route=\/wp\/v2\/posts\/24894\/revisions"}],"predecessor-version":[{"id":24897,"href":"https:\/\/contraluzcucuta.co\/index.php?rest_route=\/wp\/v2\/posts\/24894\/revisions\/24897"}],"wp:featuredmedia":[{"embeddable":true,"href":"https:\/\/contraluzcucuta.co\/index.php?rest_route=\/wp\/v2\/media\/24896"}],"wp:attachment":[{"href":"https:\/\/contraluzcucuta.co\/index.php?rest_route=%2Fwp%2Fv2%2Fmedia&parent=24894"}],"wp:term":[{"taxonomy":"category","embeddable":true,"href":"https:\/\/contraluzcucuta.co\/index.php?rest_route=%2Fwp%2Fv2%2Fcategories&post=24894"},{"taxonomy":"post_tag","embeddable":true,"href":"https:\/\/contraluzcucuta.co\/index.php?rest_route=%2Fwp%2Fv2%2Ftags&post=24894"}],"curies":[{"name":"wp","href":"https:\/\/api.w.org\/{rel}","templated":true}]}}