{"id":24891,"date":"2015-08-13T18:24:33","date_gmt":"2015-08-13T23:24:33","guid":{"rendered":"http:\/\/contraluzcucuta.co\/?p=24891"},"modified":"2015-08-13T18:24:33","modified_gmt":"2015-08-13T23:24:33","slug":"velada-cultural-mano-a-mano-de-la-musica-de-ayer","status":"publish","type":"post","link":"https:\/\/contraluzcucuta.co\/?p=24891","title":{"rendered":"VELADA CULTURAL. Mano a mano de la m\u00fasica de ayer"},"content":{"rendered":"<p><strong>C\u00daCUTA.-<\/strong> Aguas Kpital C\u00facuta prepar\u00f3 para este viernes una Velada Cultural especial. Ser\u00e1 el mano a mano entre los grandes artistas del romanticismo Gaby y Juan Cl\u00edmaco. En esta oportunidad la presentaci\u00f3n ser\u00e1 en el costado oriental de la glorieta Arnulfo Brice\u00f1o, al lado del CAI de Polic\u00eda y de la pista de patinaje.<\/p>\n<p>La artista cucute\u00f1a Gaby es reconocida en el mundo musical por las m\u00faltiples interpretaciones en las que emula a las cantantes Ana Gabriel, Roc\u00edo D\u00farcal y Alejandra Guzm\u00e1n. Ese talento le ha permitido darse a conocer por escenarios internacionales hace m\u00e1s de 12 a\u00f1os.<\/p>\n<p>Juan Cl\u00edmaco es nari\u00f1ense, ganador del primer Festival de Boleros en C\u00facuta y reconocido por la extensa trayectoria profesional. Ser\u00e1 el encargado de recordar las canciones de este g\u00e9nero de los a\u00f1os 60 y de interpretar boleros y rancheras.<\/p>\n<p>Los asistentes podr\u00e1n compartir con familiares y amigos un momento de sano esparcimiento, acompa\u00f1ados de las m\u00e1s rom\u00e1nticas y apasionadas letras expuestas por las voces de los talentosos cantantes.<\/p>\n<p><strong>Foto: PRENSA AGUAS KPITAL<\/strong><\/p>\n<p>&nbsp; <\/p>\n","protected":false},"excerpt":{"rendered":"<p>C\u00daCUTA.- Aguas Kpital C\u00facuta prepar\u00f3 para este viernes una Velada Cultural especial. Ser\u00e1 el mano a mano entre los grandes artistas del romanticismo Gaby y Juan Cl\u00edmaco. En esta oportunidad la presentaci\u00f3n ser\u00e1 en el costado oriental de la glorieta Arnulfo Brice\u00f1o, al lado del CAI de Polic\u00eda y de la pista de patinaje. La &hellip;<\/p>\n","protected":false},"author":1,"featured_media":24892,"comment_status":"open","ping_status":"open","sticky":false,"template":"","format":"standard","meta":{"footnotes":""},"categories":[4,37],"tags":[1270,2257],"class_list":["post-24891","post","type-post","status-publish","format-standard","has-post-thumbnail","hentry","category-barra","category-paseo-cultural","tag-aguas-kpital-cucuta","tag-veladas-culturales"],"_links":{"self":[{"href":"https:\/\/contraluzcucuta.co\/index.php?rest_route=\/wp\/v2\/posts\/24891","targetHints":{"allow":["GET"]}}],"collection":[{"href":"https:\/\/contraluzcucuta.co\/index.php?rest_route=\/wp\/v2\/posts"}],"about":[{"href":"https:\/\/contraluzcucuta.co\/index.php?rest_route=\/wp\/v2\/types\/post"}],"author":[{"embeddable":true,"href":"https:\/\/contraluzcucuta.co\/index.php?rest_route=\/wp\/v2\/users\/1"}],"replies":[{"embeddable":true,"href":"https:\/\/contraluzcucuta.co\/index.php?rest_route=%2Fwp%2Fv2%2Fcomments&post=24891"}],"version-history":[{"count":1,"href":"https:\/\/contraluzcucuta.co\/index.php?rest_route=\/wp\/v2\/posts\/24891\/revisions"}],"predecessor-version":[{"id":24893,"href":"https:\/\/contraluzcucuta.co\/index.php?rest_route=\/wp\/v2\/posts\/24891\/revisions\/24893"}],"wp:featuredmedia":[{"embeddable":true,"href":"https:\/\/contraluzcucuta.co\/index.php?rest_route=\/wp\/v2\/media\/24892"}],"wp:attachment":[{"href":"https:\/\/contraluzcucuta.co\/index.php?rest_route=%2Fwp%2Fv2%2Fmedia&parent=24891"}],"wp:term":[{"taxonomy":"category","embeddable":true,"href":"https:\/\/contraluzcucuta.co\/index.php?rest_route=%2Fwp%2Fv2%2Fcategories&post=24891"},{"taxonomy":"post_tag","embeddable":true,"href":"https:\/\/contraluzcucuta.co\/index.php?rest_route=%2Fwp%2Fv2%2Ftags&post=24891"}],"curies":[{"name":"wp","href":"https:\/\/api.w.org\/{rel}","templated":true}]}}