{"id":24885,"date":"2015-08-13T13:51:16","date_gmt":"2015-08-13T18:51:16","guid":{"rendered":"http:\/\/contraluzcucuta.co\/?p=24885"},"modified":"2015-08-15T10:26:13","modified_gmt":"2015-08-15T15:26:13","slug":"democracia-en-las-aulas-personeros-estudiantiles-ocuparon-curules-en-el-concejo","status":"publish","type":"post","link":"https:\/\/contraluzcucuta.co\/?p=24885","title":{"rendered":"DEMOCRACIA EN LAS AULAS. Personeros estudiantiles ocuparon curules en el Concejo"},"content":{"rendered":"<p><strong>C\u00daCUTA.-<\/strong> Catorce personeros estudiantiles \u2018jugaron\u2019 a ser concejales de C\u00facuta por unas horas.\u00a0 Los j\u00f3venes, a diferencia de los mayores, llegaron a tiempo,\u00a0 en estricto orden ocuparon las curules y en silencio aguardaron el inicio de la sesi\u00f3n. Cada uno luci\u00f3 el uniforme del colegio al que representaban, de ah\u00ed la buena conducta exhibida.<\/p>\n<p>Los alumnos tuvieron la oportunidad de codearse con los experimentados V\u00edctor Su\u00e1rez, Oliverio Castellanos, Rodolfo Torres y Eduardo Gerardino. En unos cuantos minutos aprendieron sobre el manejo de la corporaci\u00f3n, los debates que suscitan los asuntos candentes de la ciudad y la fogosidad con que se act\u00faa cuando de defender o atacar un proyecto de acuerdo se trata.<\/p>\n<p>Luis Aurelio Contreras, director de relaciones p\u00fablicas de la C\u00e1mara J\u00fanior C\u00facuta, organizador de la actividad acad\u00e9mica, explic\u00f3 que el objetivo era darles a los personeros la oportunidad de los asientos de los concejales para que \u201cvivan de primera mano la experiencia en cuanto al desempe\u00f1o funcional, la parte operativa y el fomento del liderazgo\u201d.<\/p>\n<p>De esta manera, los seleccionados pueden asumir a temprana edad el rol protag\u00f3nico que reclama la ciudad para formar la nueva dirigencia de la regi\u00f3n. La escogencia de los participantes se dio en\u00a0 el festival de talentos j\u00fanior, que reuni\u00f3 a m\u00e1s de 600 estudiantes para conocer las habilidades en oratoria y debate. A los ganadores se los convoc\u00f3 a este encuentro con los concejales.<\/p>\n<p>La C\u00e1mara J\u00fanior tiene institucionalizado entre sus actividades anuales hacer el experimento democr\u00e1tico para fomentar el liderazgo con la juventud cucute\u00f1a. \u201cSe ha visto gran talento humano en la generaci\u00f3n de relevo y tenemos la esperanza de que los muchachos sean los llamados a asumir el papel protag\u00f3nico de los cambios que reclama la sociedad\u201d, dijo Contreras Garz\u00f3n.<\/p>\n<p>Los \u2018concejalitos\u2019, despu\u00e9s de las intervenciones de los veteranos, eligieron directiva. La presidencia fue delegada a Carlos Beltr\u00e1n, del colegio Calasanz. El primer debate que sostuvieron vers\u00f3 sobre la educaci\u00f3n y el aporte al desarrollo de la ciudad.<\/p>\n<p>Eduardo Gerardino, presidente de la corporaci\u00f3n, les dio la bienvenida a las nueve muchachas y cinco muchachos, y les dijo que \u201cest\u00e1n sentados donde muchos quieren llegar\u201d. Para las elecciones del 25 de octubre, se inscribieron 266 candidatos en 14 listas. Solo 19 tendr\u00e1n la oportunidad de ocupar el pupitre en el que por varias horas estuvieron los personeros.<\/p>\n<p>Los exhort\u00f3 a estudiar, a utilizar la tecnolog\u00eda de la mejor manera y a \u00a0aprovechar la oportunidad de oro que tienen en las manos, porque \u201cson la semilla del futuro para ayudar a cambiar la ciudad\u201d.<\/p>\n<p>Los j\u00f3venes escucharon atentos al dirigente pol\u00edtico local. \u201cPor el Concejo pasan todos los problemas de C\u00facuta\u201d, expres\u00f3 y le dio la palabra a V\u00edctor Su\u00e1rez, el m\u00e1s entusiasmado de los veteranos con la actividad acad\u00e9mica. \u201cEl Concejo es una familia\u201d, \u00a0dijo y agot\u00f3 en explicaciones los 15 minutos que tienen por reglamento para las exposiciones.<\/p>\n<p>Intervino Oliverio Castellanos, complement\u00f3 a Su\u00e1rez, los inst\u00f3 a que \u201csepan elegir por ideas\u201d, aprovech\u00f3 la ocasi\u00f3n y les propuso su nombre para los comicios de octubre. Al final, ocurri\u00f3 lo que menos hubieran querido escuchar los estudiantes. Les dej\u00f3 la tarea de investigar sobre qu\u00e9 es la democracia. No hubo buenas caras, pero aceptaron.<\/p>\n<p>En el momento de la elecci\u00f3n de la directiva V\u00edctor Su\u00e1rez sac\u00f3 a relucir sus dotes pol\u00edticas, los gui\u00f3 a cerca de c\u00f3mo votar y al final gan\u00f3 Carlos Beltr\u00e1n, hijo de su amigo. De nuevo demostr\u00f3 c\u00f3mo es la componenda pol\u00edtica. Para la primera vicepresidencia hubo doble empate, por lo que se decidi\u00f3 que los propuestos ocuparan esas dignidades. Mar\u00eda Jimena Rojas, por caballerosidad, ocup\u00f3 la primera vicepresidencia, y \u00a0Jonathan Bernal, la segunda.<\/p>\n<p>\u201cA m\u00ed no me pasa eso. Gano o pierdo, pero nunca me empatan\u201d, sentenci\u00f3 Su\u00e1rez contento por haber participado en una jornada acad\u00e9mico-pol\u00edtica de la que podr\u00e1n salir los remplazos de los concejales de C\u00facuta.<\/p>\n<p>Los personeros asistentes son Mar\u00eda Jimena Rojas, Eduardo Tuta, \u00a0Laura Pacheco, Susana G\u00f3mez, Mariana Pedraza, Carlos Beltr\u00e1n, Jonathan Bernal, Mar\u00eda Camila \u00c1vila, Mar\u00eda Alejandra Herrera, \u00c1ngel Su\u00e1rez, Brandon Hurtado, Leidy Sarmiento, Michelle Pic\u00f3n y Michelle Uribe.<\/p>\n<p><strong>RAFAEL ANTONIO PAB\u00d3N<\/strong><\/p>\n<p><a href=\"mailto:rafaelpabon58@hotmail.com\"><strong>rafaelpabon58@hotmail.com<\/strong><\/a><\/p>\n<p><strong>Foto: <\/strong><a href=\"http:\/\/www.contraluzcucuta.co\"><strong>www.contraluzcucuta.co<\/strong><\/a><\/p>\n<p><strong>\u00a0<\/strong> <\/p>\n","protected":false},"excerpt":{"rendered":"<p>C\u00daCUTA.- Catorce personeros estudiantiles \u2018jugaron\u2019 a ser concejales de C\u00facuta por unas horas.\u00a0 Los j\u00f3venes, a diferencia de los mayores, llegaron a tiempo,\u00a0 en estricto orden ocuparon las curules y en silencio aguardaron el inicio de la sesi\u00f3n. Cada uno luci\u00f3 el uniforme del colegio al que representaban, de ah\u00ed la buena conducta exhibida. Los &hellip;<\/p>\n","protected":false},"author":1,"featured_media":24886,"comment_status":"open","ping_status":"open","sticky":false,"template":"","format":"standard","meta":{"footnotes":""},"categories":[74,6],"tags":[2460,2459,197,2458],"class_list":["post-24885","post","type-post","status-publish","format-standard","has-post-thumbnail","hentry","category-aula-universitaria","category-ojo-avizor","tag-camara-junior-cucuta","tag-concejales-por-un-dias","tag-concejo-de-cucuta","tag-personeros-estudiantiles"],"_links":{"self":[{"href":"https:\/\/contraluzcucuta.co\/index.php?rest_route=\/wp\/v2\/posts\/24885","targetHints":{"allow":["GET"]}}],"collection":[{"href":"https:\/\/contraluzcucuta.co\/index.php?rest_route=\/wp\/v2\/posts"}],"about":[{"href":"https:\/\/contraluzcucuta.co\/index.php?rest_route=\/wp\/v2\/types\/post"}],"author":[{"embeddable":true,"href":"https:\/\/contraluzcucuta.co\/index.php?rest_route=\/wp\/v2\/users\/1"}],"replies":[{"embeddable":true,"href":"https:\/\/contraluzcucuta.co\/index.php?rest_route=%2Fwp%2Fv2%2Fcomments&post=24885"}],"version-history":[{"count":1,"href":"https:\/\/contraluzcucuta.co\/index.php?rest_route=\/wp\/v2\/posts\/24885\/revisions"}],"predecessor-version":[{"id":24887,"href":"https:\/\/contraluzcucuta.co\/index.php?rest_route=\/wp\/v2\/posts\/24885\/revisions\/24887"}],"wp:featuredmedia":[{"embeddable":true,"href":"https:\/\/contraluzcucuta.co\/index.php?rest_route=\/wp\/v2\/media\/24886"}],"wp:attachment":[{"href":"https:\/\/contraluzcucuta.co\/index.php?rest_route=%2Fwp%2Fv2%2Fmedia&parent=24885"}],"wp:term":[{"taxonomy":"category","embeddable":true,"href":"https:\/\/contraluzcucuta.co\/index.php?rest_route=%2Fwp%2Fv2%2Fcategories&post=24885"},{"taxonomy":"post_tag","embeddable":true,"href":"https:\/\/contraluzcucuta.co\/index.php?rest_route=%2Fwp%2Fv2%2Ftags&post=24885"}],"curies":[{"name":"wp","href":"https:\/\/api.w.org\/{rel}","templated":true}]}}