{"id":24879,"date":"2015-08-11T20:43:34","date_gmt":"2015-08-12T01:43:34","guid":{"rendered":"http:\/\/contraluzcucuta.co\/?p=24879"},"modified":"2015-08-11T20:43:34","modified_gmt":"2015-08-12T01:43:34","slug":"candidato-a-la-alcaldia-cero-agresion-a-las-otras-campanas-luna","status":"publish","type":"post","link":"https:\/\/contraluzcucuta.co\/?p=24879","title":{"rendered":"CANDIDATO A LA ALCALD\u00cdA. Cero agresi\u00f3n a las otras campa\u00f1as: Luna"},"content":{"rendered":"<p><strong>C\u00daCUTA.-<\/strong> Los congresistas, diputados, concejales, coordinadores pol\u00edticos y l\u00edderes de diferentes sectores de la ciudad acompa\u00f1aron al equipo de las Soluciones Reales en el comienzo de la recta final de la campa\u00f1a.<\/p>\n<p>En la eucarist\u00eda en acci\u00f3n de gracias permiti\u00f3 que Carlos Luna y William Villamizar pusieran en manos de Dios el trabajo que adelanta junto a las comunidades para alcanzar la Alcald\u00eda de C\u00facuta y la Gobernaci\u00f3n de Norte de Santander.<\/p>\n<p>\u201cEncomendamos a Dios este proceso electoral, muy agradecidos de poder llegar a tantas familias con m\u00e1s trabajo, m\u00e1s seguridad, m\u00e1s empleo y m\u00e1s obras\u201d, dijo Luna.<\/p>\n<p>Pidi\u00f3 a los cucute\u00f1os votar bien, porque no hay ninguna otra elecci\u00f3n que impacte en la vida de las comunidades como la del Alcalde. \u201cLas determinaciones que tome el alcalde de C\u00facuta afectan directamente la vida de cada uno de los cucute\u00f1os\u201d, anot\u00f3.<\/p>\n<p>El candidato a la Alcald\u00eda de C\u00facuta confirm\u00f3 el compromiso de cero agresi\u00f3n a las otras campa\u00f1as, no a la guerra sucia y no a la desinformaci\u00f3n.<\/p>\n<p><strong>Foto: PRENSA DE LA CAMPA\u00d1A<\/strong><\/p>\n<p>&nbsp;<\/p>\n<p>&nbsp; <\/p>\n","protected":false},"excerpt":{"rendered":"<p>C\u00daCUTA.- Los congresistas, diputados, concejales, coordinadores pol\u00edticos y l\u00edderes de diferentes sectores de la ciudad acompa\u00f1aron al equipo de las Soluciones Reales en el comienzo de la recta final de la campa\u00f1a. En la eucarist\u00eda en acci\u00f3n de gracias permiti\u00f3 que Carlos Luna y William Villamizar pusieran en manos de Dios el trabajo que adelanta &hellip;<\/p>\n","protected":false},"author":1,"featured_media":24880,"comment_status":"open","ping_status":"open","sticky":false,"template":"","format":"standard","meta":{"footnotes":""},"categories":[9],"tags":[108,1592],"class_list":["post-24879","post","type-post","status-publish","format-standard","has-post-thumbnail","hentry","category-politica","tag-candidato-a-la-alcaldia-de-cucuta","tag-carlos-luna"],"_links":{"self":[{"href":"https:\/\/contraluzcucuta.co\/index.php?rest_route=\/wp\/v2\/posts\/24879","targetHints":{"allow":["GET"]}}],"collection":[{"href":"https:\/\/contraluzcucuta.co\/index.php?rest_route=\/wp\/v2\/posts"}],"about":[{"href":"https:\/\/contraluzcucuta.co\/index.php?rest_route=\/wp\/v2\/types\/post"}],"author":[{"embeddable":true,"href":"https:\/\/contraluzcucuta.co\/index.php?rest_route=\/wp\/v2\/users\/1"}],"replies":[{"embeddable":true,"href":"https:\/\/contraluzcucuta.co\/index.php?rest_route=%2Fwp%2Fv2%2Fcomments&post=24879"}],"version-history":[{"count":1,"href":"https:\/\/contraluzcucuta.co\/index.php?rest_route=\/wp\/v2\/posts\/24879\/revisions"}],"predecessor-version":[{"id":24881,"href":"https:\/\/contraluzcucuta.co\/index.php?rest_route=\/wp\/v2\/posts\/24879\/revisions\/24881"}],"wp:featuredmedia":[{"embeddable":true,"href":"https:\/\/contraluzcucuta.co\/index.php?rest_route=\/wp\/v2\/media\/24880"}],"wp:attachment":[{"href":"https:\/\/contraluzcucuta.co\/index.php?rest_route=%2Fwp%2Fv2%2Fmedia&parent=24879"}],"wp:term":[{"taxonomy":"category","embeddable":true,"href":"https:\/\/contraluzcucuta.co\/index.php?rest_route=%2Fwp%2Fv2%2Fcategories&post=24879"},{"taxonomy":"post_tag","embeddable":true,"href":"https:\/\/contraluzcucuta.co\/index.php?rest_route=%2Fwp%2Fv2%2Ftags&post=24879"}],"curies":[{"name":"wp","href":"https:\/\/api.w.org\/{rel}","templated":true}]}}