{"id":24870,"date":"2015-08-11T16:20:51","date_gmt":"2015-08-11T21:20:51","guid":{"rendered":"http:\/\/contraluzcucuta.co\/?p=24870"},"modified":"2015-08-13T19:44:24","modified_gmt":"2015-08-14T00:44:24","slug":"informe-especial-negritudes-cuanto-pesa-el-color-de-la-piel","status":"publish","type":"post","link":"https:\/\/contraluzcucuta.co\/?p=24870","title":{"rendered":"INFORME ESPECIAL. Negritudes \u00bfcu\u00e1nto pesa el color de la piel?"},"content":{"rendered":"<p><strong>C\u00daCUTA.-<\/strong> Desde la escuela se ha estigmatizado a los negros llegados \u00c1frica como esclavos para trabajar. Desde entonces, la discriminaci\u00f3n permiti\u00f3 el se\u00f1alamiento hacia cada hombre o mujer de color en directa violaci\u00f3n de los derechos de los afrodescendientes. En C\u00facuta, de 650.000 habitantes,\u00a0 35.000 tienen ascendencia africana. Solo el 5 por ciento hace parte de esa\u00a0 etnia.<\/p>\n<p>La raza negra se ha caracterizado por el talante y la constante lucha para hacer valer y respetar los derechos. La perseverancia y la dedicaci\u00f3n los ha motivado a\u00a0 crear movimientos de negritudes contra el racismo,\u00a0 para buscar ser tomados en cuenta en distintos escenarios.<\/p>\n<p>Matilde Torres, lideresa comunal del barrio Santa B\u00e1rbara (Villa del Rosario) afirm\u00f3 que \u201csomos criticados y menospreciados por nuestro color de piel\u201d. A esta mujer\u00a0 no se le hace raro ir por la calle y que hasta un ni\u00f1o se alarme al verla. \u201cEs inaudito ver c\u00f3mo la ignorancia y la falta de cultura hacen que la gente se\u00f1ale a una persona solo por su tez\u00a0 oscura\u201d.<\/p>\n<p>La Ley 1482 del 30 de noviembre de 2011, modific\u00f3 el C\u00f3digo Penal Colombiano. Se promulg\u00f3 con el fin de garantizar la protecci\u00f3n de los derechos a quienes se los han vulnerado con\u00a0 actos de racismo o\u00a0 discriminaci\u00f3n. El art\u00edculo noveno dice que \u201cla persona que obstruya o restrinja el pleno ejercicio de los derechos de otra persona por raza, nacionalidad, sexo u orientaci\u00f3n sexual incurrir\u00e1 en prisi\u00f3n de 12 a 36 meses y multas de 10 a 15 salarios m\u00ednimos legales mensuales vigentes\u201d.<\/p>\n<p>Es posible ver el racismo en cualquier parte y en cualquier momento. As\u00ed como tambi\u00e9n llamar \u2018aguas negras\u2019 a las aguas residuales, o decir \u2018la oveja negra\u2019 cuando se\u00a0 hace referencia a ser el malo\u00a0 de la familia. Eso es racismo, porque\u00a0 debido a la caracterizaci\u00f3n que se les da a esas expresiones se asemeja lo negro con el mal, el miedo y lo deshonesto.\u00a0 \u00bfPor qu\u00e9 se ofende el negro cuando le dicen negro y no el blanco cuando le dicen blanco?<\/p>\n<p>A Pedro Mart\u00ednez le ha costado levantar el\u00a0 hogar debido a la poca posibilidad de trabajo. Fue v\u00edctima de la discriminaci\u00f3n por parte de la comunidad cucute\u00f1a al ser arrestado, sin prueba alguna, por la apariencia f\u00edsica cuando regresaba a casa despu\u00e9s de una ardua jornada de trabajo. \u201cEran las 9:00 de la noche, cuando iba para mi casa por el centro de la ciudad. De repente, unos polic\u00edas me tiraron al suelo y me pidieron papeles\u201d. Sin darle tiempo para defenderse lo subieron a la patrulla, porque, supuestamente, era un ladr\u00f3n. \u201cY\u00a0 todo por ser negro\u201d.<\/p>\n<p>La falta de autorreconocimiento de identidad por parte de estos seres humanos se debe al rechazo de la comunidad que los lleva a no aceptarse\u00a0 y a sentirse menospreciados. A\u00fan se presencian actos de rechazo hacia los afrodescendientes en la vida diaria y en cualquier lugar, en algunos sitios con mayor intensidad que en otros.<\/p>\n<p>C\u00facuta, a pesar de no tener un alto \u00edndice de negritudes, no est\u00e1 exenta de casos de discriminaci\u00f3n y de rechazo a los negros. La sociedad est\u00e1 inmersa en la ignorancia que se hace pasar por sabidur\u00eda. Son muchas las posiciones que se han tomado con el pasar del tiempo. Se espera que sean menos los casos de rechazo, porque no es el color de la piel el que le da el valor al ser humano, sino lo que pueda brindar a los dem\u00e1s sin dejarse llevar de las apariencias.<\/p>\n<p>\u201cEl hombre solo tiene derecho a mirar a otro hacia abajo, cuando ha de ayudarle a levantarse\u201d: Gabriel Garc\u00eda M\u00e1rquez.<\/p>\n<p><strong>GERALDINE SIERRA &#8211; JULIANA S\u00c1NCHEZ &#8211; SANDRA\u00a0 VIVERO<\/strong><\/p>\n<p><strong>Estudiantes de Comunicaci\u00f3n Social<\/strong><\/p>\n<p><strong>Universidad de Pamplona<\/strong><\/p>\n<p><strong>Campus de Villa del Rosario<\/strong><\/p>\n<p><strong>Foto:periodico.sena.edu.co<\/strong><\/p>\n<p>&nbsp; <\/p>\n","protected":false},"excerpt":{"rendered":"<p>C\u00daCUTA.- Desde la escuela se ha estigmatizado a los negros llegados \u00c1frica como esclavos para trabajar. Desde entonces, la discriminaci\u00f3n permiti\u00f3 el se\u00f1alamiento hacia cada hombre o mujer de color en directa violaci\u00f3n de los derechos de los afrodescendientes. En C\u00facuta, de 650.000 habitantes,\u00a0 35.000 tienen ascendencia africana. Solo el 5 por ciento hace parte &hellip;<\/p>\n","protected":false},"author":1,"featured_media":24871,"comment_status":"open","ping_status":"open","sticky":false,"template":"","format":"standard","meta":{"footnotes":""},"categories":[74,32],"tags":[2456,2457],"class_list":["post-24870","post","type-post","status-publish","format-standard","has-post-thumbnail","hentry","category-aula-universitaria","category-recorrido-por-la-region","tag-negritudes","tag-poblacion-afrodescendiente-en-cucuta"],"_links":{"self":[{"href":"https:\/\/contraluzcucuta.co\/index.php?rest_route=\/wp\/v2\/posts\/24870","targetHints":{"allow":["GET"]}}],"collection":[{"href":"https:\/\/contraluzcucuta.co\/index.php?rest_route=\/wp\/v2\/posts"}],"about":[{"href":"https:\/\/contraluzcucuta.co\/index.php?rest_route=\/wp\/v2\/types\/post"}],"author":[{"embeddable":true,"href":"https:\/\/contraluzcucuta.co\/index.php?rest_route=\/wp\/v2\/users\/1"}],"replies":[{"embeddable":true,"href":"https:\/\/contraluzcucuta.co\/index.php?rest_route=%2Fwp%2Fv2%2Fcomments&post=24870"}],"version-history":[{"count":1,"href":"https:\/\/contraluzcucuta.co\/index.php?rest_route=\/wp\/v2\/posts\/24870\/revisions"}],"predecessor-version":[{"id":24872,"href":"https:\/\/contraluzcucuta.co\/index.php?rest_route=\/wp\/v2\/posts\/24870\/revisions\/24872"}],"wp:featuredmedia":[{"embeddable":true,"href":"https:\/\/contraluzcucuta.co\/index.php?rest_route=\/wp\/v2\/media\/24871"}],"wp:attachment":[{"href":"https:\/\/contraluzcucuta.co\/index.php?rest_route=%2Fwp%2Fv2%2Fmedia&parent=24870"}],"wp:term":[{"taxonomy":"category","embeddable":true,"href":"https:\/\/contraluzcucuta.co\/index.php?rest_route=%2Fwp%2Fv2%2Fcategories&post=24870"},{"taxonomy":"post_tag","embeddable":true,"href":"https:\/\/contraluzcucuta.co\/index.php?rest_route=%2Fwp%2Fv2%2Ftags&post=24870"}],"curies":[{"name":"wp","href":"https:\/\/api.w.org\/{rel}","templated":true}]}}