{"id":24867,"date":"2015-08-11T15:41:53","date_gmt":"2015-08-11T20:41:53","guid":{"rendered":"http:\/\/contraluzcucuta.co\/?p=24867"},"modified":"2015-08-13T18:29:59","modified_gmt":"2015-08-13T23:29:59","slug":"notas-al-margen-insistiendo-en-la-unidad-la-trasformacion-y-el-compromiso%e2%80%8f","status":"publish","type":"post","link":"https:\/\/contraluzcucuta.co\/?p=24867","title":{"rendered":"NOTAS AL MARGEN. Insistiendo en la unidad, la trasformaci\u00f3n y el compromiso\u200f"},"content":{"rendered":"<p>\u00bfPor qu\u00e9 no convocar\u00a0 a los\u00a0\u00a0 mejores y m\u00e1s representativos exponentes regionales y fronterizos-inclusive a los patriarcas y matriarcas- para establecer y dar aliento\u00a0 a las acciones y programas\u00a0 que prioritariamente\u00a0 constituyen nuestro reto y en procura de la\u00a0 uni\u00f3n, trasformaci\u00f3n\u00a0 y\u00a0 desarrollo que ansiosamente requerimos y\u00a0\u00a0 anhelamos?<\/p>\n<p>1.- La\u00a0 realidad regional y fronteriza \u2013 sin consideraciones de partido, grupos o rosca alguna, que no sea el penetrar en el meollo y verdadera esencia de cuanto acontece y satura de preocupaci\u00f3n el futuro departamental y el progreso de las provincias y los municipios, que integran la vivencia de nuestra comarca y zona de realizaci\u00f3n binacional &#8211;\u00a0 exige, sin exclusi\u00f3n de nadie y s\u00ed, con el compromiso de todos, un verdadero y sincero enfoque, sobre prioridades, debilidades, peligros y opciones que se enmarcan dentro de lo nuestro. Y, con labor asociada y firmemente compartida, formular y promover el prop\u00f3sito de unas acciones y conductas permanentes \u2013con seguimiento continuo- hasta llegar a lo que\u00a0 esperamos y\u00a0 ansiosamente anhelamos ejecutar.<\/p>\n<p>El momento no es para perder el tiempo, ni para dejar pasar oportunidades de aglutinamiento y gestiones que se pueden concertar, porque toda postergaci\u00f3n de determinaciones o cualquier error en apreciaciones que comprometan el porvenir de esta esquina de la Rep\u00fablica, la pagar\u00e1n caro no solo quienes la habitamos, sino el\u00a0 eje binacional de esta frontera colombo-venezolana, que tiene ventajas comparativas y oportunidades\u00a0 que no se han aprovechado cabalmente, porque cuando se instaur\u00f3 la mentalidad exportadora del a\u00f1il, la quina, el cacao y luego vino el ferrocarril y se introdujo el caf\u00e9, mediante el establecimiento de relaciones y empe\u00f1os mayores\u00a0 que trascendieron, porque hubo n\u00facleos progresistas que hicieron mucho, como lo atestiguaron alemanes, italianos, franceses, catalanes, etc\u00e9tera,\u00a0 ahora \u00a0est\u00e1n en suspenso. Y sin el agarre y la pasi\u00f3n de unos deseos de coparticipaci\u00f3n y de hacer y de llegar hasta unas metas mayores, porque estas siguen sin definirse o carecen de la fuerza y el empuje de una motivaci\u00f3n que conduzca al \u00e9xito, al\u00a0 cambio y a la trasformaci\u00f3n de lo que experimentamos.<\/p>\n<p>2.- S\u00ed, el momento no es para hacer m\u00e1s divisiones y fragmentaciones de opini\u00f3n. Y, menos, cuando lo que necesitamos y urge su presencia, son directivos informados y capaces, con se\u00f1alado esp\u00edritu de servicio y \u00e1nimo firme de acertar. Tampoco es para crear pugnacidades, por valoraciones y fragmentaciones ideol\u00f3gicas, que no sean el abrirle camino al progreso y al desarrollo regional y fronterizo, de manera abierta, clara, honesta y trasparente. Adem\u00e1s,\u00a0 hay gente con conocimientos\u00a0 y dispuestas al aporte de su integridad\u00a0 y esp\u00edritu de servicio.<\/p>\n<p>3.- Por \u00a0ello \u00bfPor qu\u00e9\u00a0 no convocar a los m\u00e1s destacados exponentes, inclusive a patriarcas y matriarcas\u00a0 de mayor connotaci\u00f3n y referencia \u00a0de C\u00facuta, Oca\u00f1a, Pamplona y la regi\u00f3n en general para analizar y decidir lo que mejor\u00a0 debe hacerse\u00a0 \u00bfPor qu\u00e9 no llamar a los que integran la\u00a0 conciencia viva de la regi\u00f3n y la frontera\u00a0 &#8211; para que\u00a0 se re\u00fanan y asuman\u00a0\u00a0 la fijaci\u00f3n de derroteros y estrategias\u00a0 que despierten y dinamicen\u00a0 a\u00a0 los\u00a0 cuadros representativos y as\u00ed se\u00a0 precisen un camino, una ruta y una tarea por cumplir?\u00a0 \u00bfAcaso las divisiones partidaristas de anta\u00f1o tienen vigencia?\u00a0 \u00bfNo es este un momento de cambio, de\u00a0 definiciones y de responsabilidades, si aut\u00e9nticamente queremos investigar, competir, innovar y progresar? \u00bfQui\u00e9n se opone a la necesidad y vigencia de la uni\u00f3n regional\u00a0 y\u00a0 de la labor compartida y en equipo?<\/p>\n<p>Una postura de esta naturaleza abrir\u00eda compuertas y fijar\u00eda derroteros de amplia resonancia y perspectiva. \u00bfPor qu\u00e9 no intentarlo?\u00a0 \u00bfPor qu\u00e9\u00a0 no convocar \u2013 hombres y mujeres &#8211; a nuestros mejores y mayores exponentes para que hagan despertar y activar al conjunto en procura de la trasformaci\u00f3n\u00a0 y las metas que ansiosamente\u00a0 anhelamos y que deben cumplirse en todos los niveles e instancias de poder y orientaci\u00f3n?<\/p>\n<p>Usted &#8211; s\u00ed usted, quien lee esta nota \u2013 y aquellos que escuchen\u00a0 comentarios y plegarias son partes integrales de este reto, porque darle la cara y\u00a0 hacerle\u00a0 frente\u00a0 al futuro necesita una nueva y progresista dirigencia, con aut\u00e9nticos agentes de direcci\u00f3n, acci\u00f3n y retaguardia. Si se anima y no duda, de que la propuesta tiene consonancia, actualidad y vigor div\u00falguela, promu\u00e9vala y ayude a estructurar el futuro, ya.<\/p>\n<p><strong>JOS\u00c9 NEIRA REY<\/strong><\/p>\n<p><strong><a href=\"mailto:jneirarey@hotmail.com\">jneirarey@hotmail.com<\/a><\/strong><\/p>\n<p><strong>\u00a0Foto:\u00a0swcucuta.co<\/strong><\/p>\n<p>&nbsp; <\/p>\n","protected":false},"excerpt":{"rendered":"<p>\u00bfPor qu\u00e9 no convocar\u00a0 a los\u00a0\u00a0 mejores y m\u00e1s representativos exponentes regionales y fronterizos-inclusive a los patriarcas y matriarcas- para establecer y dar aliento\u00a0 a las acciones y programas\u00a0 que prioritariamente\u00a0 constituyen nuestro reto y en procura de la\u00a0 uni\u00f3n, trasformaci\u00f3n\u00a0 y\u00a0 desarrollo que ansiosamente requerimos y\u00a0\u00a0 anhelamos? 1.- La\u00a0 realidad regional y fronteriza \u2013 &hellip;<\/p>\n","protected":false},"author":1,"featured_media":24868,"comment_status":"open","ping_status":"open","sticky":false,"template":"","format":"standard","meta":{"footnotes":""},"categories":[14,6],"tags":[382,956],"class_list":["post-24867","post","type-post","status-publish","format-standard","has-post-thumbnail","hentry","category-articulistas","category-ojo-avizor","tag-jose-neira","tag-notas-al-margen"],"_links":{"self":[{"href":"https:\/\/contraluzcucuta.co\/index.php?rest_route=\/wp\/v2\/posts\/24867","targetHints":{"allow":["GET"]}}],"collection":[{"href":"https:\/\/contraluzcucuta.co\/index.php?rest_route=\/wp\/v2\/posts"}],"about":[{"href":"https:\/\/contraluzcucuta.co\/index.php?rest_route=\/wp\/v2\/types\/post"}],"author":[{"embeddable":true,"href":"https:\/\/contraluzcucuta.co\/index.php?rest_route=\/wp\/v2\/users\/1"}],"replies":[{"embeddable":true,"href":"https:\/\/contraluzcucuta.co\/index.php?rest_route=%2Fwp%2Fv2%2Fcomments&post=24867"}],"version-history":[{"count":1,"href":"https:\/\/contraluzcucuta.co\/index.php?rest_route=\/wp\/v2\/posts\/24867\/revisions"}],"predecessor-version":[{"id":24869,"href":"https:\/\/contraluzcucuta.co\/index.php?rest_route=\/wp\/v2\/posts\/24867\/revisions\/24869"}],"wp:featuredmedia":[{"embeddable":true,"href":"https:\/\/contraluzcucuta.co\/index.php?rest_route=\/wp\/v2\/media\/24868"}],"wp:attachment":[{"href":"https:\/\/contraluzcucuta.co\/index.php?rest_route=%2Fwp%2Fv2%2Fmedia&parent=24867"}],"wp:term":[{"taxonomy":"category","embeddable":true,"href":"https:\/\/contraluzcucuta.co\/index.php?rest_route=%2Fwp%2Fv2%2Fcategories&post=24867"},{"taxonomy":"post_tag","embeddable":true,"href":"https:\/\/contraluzcucuta.co\/index.php?rest_route=%2Fwp%2Fv2%2Ftags&post=24867"}],"curies":[{"name":"wp","href":"https:\/\/api.w.org\/{rel}","templated":true}]}}