{"id":24864,"date":"2015-08-11T12:08:48","date_gmt":"2015-08-11T17:08:48","guid":{"rendered":"http:\/\/contraluzcucuta.co\/?p=24864"},"modified":"2015-08-13T14:45:10","modified_gmt":"2015-08-13T19:45:10","slug":"direcciones-en-cucuta-80-de-la-nomenclatura-urbana-debe-modificarse","status":"publish","type":"post","link":"https:\/\/contraluzcucuta.co\/?p=24864","title":{"rendered":"DIRECCIONES EN C\u00daCUTA. 80 % de la nomenclatura urbana debe modificarse"},"content":{"rendered":"<p><strong>C\u00daCUTA.-<\/strong> \u00bfQu\u00e9 responder\u00eda un taxista si un usuario le pidiera que lo llevara a \u2018La Calle del Amor\u2019? \u00bfQu\u00e9 rumbo tomar\u00eda el conductor si la direcci\u00f3n propuesta por el pasajero es \u2018calle Garc\u00eda Rovira\u2019 con \u2018carrera Per\u00fa\u2019? \u00bfQu\u00e9 cara pondr\u00e1 el ch\u00f3fer si le piden dirigirse a la calle 21N N\u00ba 16BE \u2013 10? \u00bfQu\u00e9 dir\u00e1 el conductor si el servicio es para la MZ carrera 20 N\u00b0 0N \u2013 43?<\/p>\n<p>Estos inconvenientes en las direcciones cucute\u00f1as llevaron al Instituto Geogr\u00e1fico Agust\u00edn Codazzi, La C\u00e1mara de Comercio, la Alcald\u00eda y la asociaci\u00f3n de empresas prestadoras de servicios p\u00fablicos a contratar el estudio para unificar la nomenclatura urbana de la capital de Norte de Santander.<\/p>\n<p>En febrero, el Concejo deb\u00eda aprobar el documento y ponerlo en marcha para acabar con los enredos que surgen en el momento de buscar una direcci\u00f3n. El municipio, en el casco urbano, tiene hasta dos, tres o cuatro nomenclaturas, y se utilizan alrededor de 25 sistemas debido a que no estaba regulada por una entidad territorial.<\/p>\n<p>A la fecha, el 80 por ciento de la nomenclatura urbana hay necesidad de modificarla, dijo Ger\u00f3nimo Calvete Oviedo, director del Igac, territorial Norte de Santander.<\/p>\n<p>Los nombres de las <a href=\"http:\/\/cucutanuestra.blogspot.com\/2011\/12\/nombre-de-las-calles-de-cucuta-antes.html\">calles de C\u00facuta<\/a> han cambiado de acuerdo con la \u00e9poca, las circunstancias, la voluntad del Concejo y los conceptos de los cabildantes. Antes del terremoto de 1875, C\u00facuta s\u00f3lo ten\u00eda once calles. \u00a0Primera, Calle del Amor; segunda, Fern\u00e1ndez de Novia; tercera Colmenares; cuarta, Boyac\u00e1; quinta, La Libertad; sexta, Mercedes Abrego; s\u00e9ptima, La Fraternidad; octava, La Paz; novena, La Independencia; d\u00e9cima, La Federaci\u00f3n, y und\u00e9cima, El Porvenir.<\/p>\n<p>Las calles iban de Norte a Sur. No hab\u00eda carreras y las calles que iban de Oriente a Occidente La Uni\u00f3n, Del Norte, Del Patriotismo, De Concha, De Nari\u00f1o, De Los M\u00e1rtires, De Soto, De La Pola, Moreno, De Ricaurte, Colombia y C\u00facuta.<\/p>\n<p>En otra \u00e9poca, el cuadrante central ten\u00eda las calles Ricaurte (9), Nari\u00f1o (10), Caldas (11), C\u00f3rdoba (12) y Garc\u00eda Rovira (13). Aparecieron las carreras (avenidas) Per\u00fa (2), Ecuador (3), Venezuela (4), Panam\u00e1 (5) y Bol\u00edvar (6).<\/p>\n<p>En el 80 por ciento de calles y avenidas, repartidas en las 6731 hect\u00e1reas cucute\u00f1as, cambiar\u00e1 la nomenclatura en v\u00edas y predios. La zona c\u00e9ntrica de la ciudad permanecer\u00e1 como est\u00e1.<\/p>\n<p>El estudio const\u00f3 de 588 aerofotograf\u00edas digitales. Con el ortofotomosaico se elabor\u00f3 la cartograf\u00eda a escala 1:2000, para llegar al diagn\u00f3stico. El documento se le entreg\u00f3 a la administraci\u00f3n municipal. \u201cEstar en C\u00facuta es una situaci\u00f3n dif\u00edcil para encontrar una nomenclatura o ubicar un negocio\u201d, dijo Ger\u00f3nimo Calvete.<\/p>\n<p>La nueva nomenclatura \u00fanica para la ciudad respeta los hitos y el arraigo cultural. El nuevo ordenamiento de C\u00facuta comprende 28 ejes entre calles y avenidas, que delimitan 17 zonas unificadas de nomenclatura. \u00a0En el nuevo sistema resaltan las siguientes modificaciones:<\/p>\n<p>1.- La \u00faltima calle es la 58 N hacia el norte y la avenida 47 E<\/p>\n<p>(Bocon\u00f3) hacia el oriente<\/p>\n<p>2.- El anillo vial oriental es la avenida 44 E, mientras que al sur ser\u00e1 hasta la calle 42 y al occidente hasta la avenida 67, en la salida a El Zulia.<\/p>\n<p>3.- La zona sur del valle hasta el piedemonte del cerro de San Rafael mantendr\u00e1 la nomenclatura en m\u00e1s del 95 por ciento, efectuando ajustes \u00fanicamente en v\u00edas de menor relevancia, callejones y peatonales.<\/p>\n<p>4.- En la zona norte del valle, desde la Diagonal Santander hasta el anillo vial, se ajustaron en la totalidad las v\u00edas. Esta zona ser\u00e1 la columna vertebral que estructura y conecta la nomenclatura por medio de los puentes Enrique Cuadros, San Luis y San Rafael, y por la Avenida de las Am\u00e9ricas y la Diagonal Santander con la Ciudadela Atalaya al occidente.<\/p>\n<p>La intersecci\u00f3n entre la Diagonal Santander y la Avenida 0 divide en cuatro cuadrantes a la ciudad:<\/p>\n<p>1.- Desde la Diagonal Santander, cruce con la Avenida Cero hasta los con Los Patios y Villa del Rosario, Seminario, Subestaci\u00f3n de Energ\u00eda y barrios Bogot\u00e1 y Morelli.<\/p>\n<p>2.- Al noreste. Cerro de Torcoroma hasta el Canal Bogot\u00e1 y desde la Diagonal Santander (Calle 0) hasta El Salado por el anillo vial.<\/p>\n<p>3.- Desde el Canal Bogot\u00e1 (Estadio) hasta la v\u00eda a El Zulia, barrios Ospina P\u00e9rez, Motilones, La Primavera, San Jer\u00f3nimo, La Ermita, etc\u00e9tera, y desde la Diagonal Santander (estadio) hasta la salida a Puerto Santander por el anillo vial oriental, incluye el sector de San Gerardo.<\/p>\n<p>4.- Zona Centro. La Avenida Cero desde barrio Blanco, Diagonal Santander, hasta la salida de El Zulia. De norte a sur desde la Diagonal Santander hasta el Batall\u00f3n.<\/p>\n<p><strong>RAFAEL ANTONIO PAB\u00d3N<\/strong><\/p>\n<p><strong><a href=\"mailto:rafaelpabon58@hotmail.com\">rafaelpabon58@hotmail.com<\/a><\/strong><\/p>\n<p><strong>Foto: www.contraluzcucuta.co<\/strong><\/p>\n<p>Art\u00edculo con apoyo del libro \u2018Cita hist\u00f3rica\u2019, de Luis A. Medina S.<\/p>\n<p>Comunicado de Prensa del Igac \u2013 Maribel Torres<\/p>\n<p>&nbsp; <\/p>\n","protected":false},"excerpt":{"rendered":"<p>C\u00daCUTA.- \u00bfQu\u00e9 responder\u00eda un taxista si un usuario le pidiera que lo llevara a \u2018La Calle del Amor\u2019? \u00bfQu\u00e9 rumbo tomar\u00eda el conductor si la direcci\u00f3n propuesta por el pasajero es \u2018calle Garc\u00eda Rovira\u2019 con \u2018carrera Per\u00fa\u2019? \u00bfQu\u00e9 cara pondr\u00e1 el ch\u00f3fer si le piden dirigirse a la calle 21N N\u00ba 16BE \u2013 10? \u00bfQu\u00e9 &hellip;<\/p>\n","protected":false},"author":1,"featured_media":24865,"comment_status":"open","ping_status":"open","sticky":false,"template":"","format":"standard","meta":{"footnotes":""},"categories":[541,36],"tags":[2455],"class_list":["post-24864","post","type-post","status-publish","format-standard","has-post-thumbnail","hentry","category-ciudad","category-la-voz-del-pueblo","tag-nueva-nomenclatura-en-cucuta"],"_links":{"self":[{"href":"https:\/\/contraluzcucuta.co\/index.php?rest_route=\/wp\/v2\/posts\/24864","targetHints":{"allow":["GET"]}}],"collection":[{"href":"https:\/\/contraluzcucuta.co\/index.php?rest_route=\/wp\/v2\/posts"}],"about":[{"href":"https:\/\/contraluzcucuta.co\/index.php?rest_route=\/wp\/v2\/types\/post"}],"author":[{"embeddable":true,"href":"https:\/\/contraluzcucuta.co\/index.php?rest_route=\/wp\/v2\/users\/1"}],"replies":[{"embeddable":true,"href":"https:\/\/contraluzcucuta.co\/index.php?rest_route=%2Fwp%2Fv2%2Fcomments&post=24864"}],"version-history":[{"count":1,"href":"https:\/\/contraluzcucuta.co\/index.php?rest_route=\/wp\/v2\/posts\/24864\/revisions"}],"predecessor-version":[{"id":24866,"href":"https:\/\/contraluzcucuta.co\/index.php?rest_route=\/wp\/v2\/posts\/24864\/revisions\/24866"}],"wp:featuredmedia":[{"embeddable":true,"href":"https:\/\/contraluzcucuta.co\/index.php?rest_route=\/wp\/v2\/media\/24865"}],"wp:attachment":[{"href":"https:\/\/contraluzcucuta.co\/index.php?rest_route=%2Fwp%2Fv2%2Fmedia&parent=24864"}],"wp:term":[{"taxonomy":"category","embeddable":true,"href":"https:\/\/contraluzcucuta.co\/index.php?rest_route=%2Fwp%2Fv2%2Fcategories&post=24864"},{"taxonomy":"post_tag","embeddable":true,"href":"https:\/\/contraluzcucuta.co\/index.php?rest_route=%2Fwp%2Fv2%2Ftags&post=24864"}],"curies":[{"name":"wp","href":"https:\/\/api.w.org\/{rel}","templated":true}]}}