{"id":24861,"date":"2015-08-11T10:46:41","date_gmt":"2015-08-11T15:46:41","guid":{"rendered":"http:\/\/contraluzcucuta.co\/?p=24861"},"modified":"2015-08-13T13:56:31","modified_gmt":"2015-08-13T18:56:31","slug":"elecciones-2015-solo-17-de-los-162-candidatos-a-las-alcaldias-son-mujeres","status":"publish","type":"post","link":"https:\/\/contraluzcucuta.co\/?p=24861","title":{"rendered":"ELECCIONES 2015. Solo\u00a0 17 de los 162 candidatos a las alcald\u00edas son mujeres"},"content":{"rendered":"<p><strong>C\u00daCUTA.-<\/strong> El 10,49 por ciento de los candidatos inscritos ante la Registradur\u00eda del Estado Civil para gobernar los 40 municipios de Norte de Santander corresponde al g\u00e9nero femenino. Solo 17 mujeres obtuvieron el respaldo de los partidos pol\u00edticos tradicionales y nacientes para asumir las administraciones locales.<\/p>\n<p>\u00c1brego, Arboledas, Bochalema, C\u00e1cota, Chin\u00e1cota (2), Cucutilla, Durania, El Zulia, La Esperanza, Mutiscua, Oca\u00f1a, Ragonvalia, San Calixto, Santiago (2) y Sardinata son los municipios que podr\u00edan ser gobernados por una dama. Las grandes ciudades, C\u00facuta, Oca\u00f1a, Pamplona, Villa del Rosario y Los Patios no contemplan la posibilidad.<\/p>\n<p>En Norte de Santander 4213 candidatos se inscribieron para participar en las elecciones de autoridades locales de 2015. Cuatro hombres y dos mujeres buscan la Gobernaci\u00f3n. Las alcald\u00edas son pretendidas por 162 candidatos, 117 quieren ocupar las 13 sillas de la Asamblea, en 8 listas, 3235 aspiran a los 40 concejos en 291 listas y 693 a juntas administradoras locales, en 99 listas inscritas.<\/p>\n<p>En C\u00facuta 9 ciudadanos se inscribieron para la alcald\u00eda, ninguna mujer,\u00a0 266 para el concejo en 14 listas y 426 para las juntas administradoras locales en 61 listas.<\/p>\n<p>Las elecciones est\u00e1n previstas para el 25 de octubre. Tres meses antes de las votaciones, los habitantes de La Playa conocen el nombre del nuevo Alcalde. El Partido Conservador Colombiano inscribi\u00f3 a V\u00edctor\u00a0 Julio\u00a0\u00a0\u00a0\u00a0 Claro Lozano y no tiene contendor. Es el \u00fanico aspirante que aparece en el listado de la Registradur\u00eda. El voto suyo bastar\u00e1 para ganar los comicios.<\/p>\n<p>Entre las curiosidades de los candidatos est\u00e1n los nombres. Estos dos aparecen solo con apellidos, Guzm\u00e1n Reyes Lizcano Gonz\u00e1lez y Bautista Obreg\u00f3n C\u00e1ceres. Es el ingenio de los padres o la mejor manera de recordar las cuatro generaciones, para el primero, y tres, para el segundo.<\/p>\n<p>Abundan los nombres tomados del extranjero. En ocasiones algunos pueden servir para los dos sexos, \u00a0Nery, Nelsy, Yuri, Yean, Neils, Eudes, Yadil, Deyvy, Leid y Steiman. Los dem\u00e1s, son tra\u00eddos de diversos pa\u00edses para descrestar en el pueblo Jimmy, Huber, Alexander, Henry, Alexis, Yajaira, Shirley, Cristiam, John, Sady, Andersen, Marlyn, Yohana, Wilfredo, Edwuin, Yair, Elkin, Cristopher, Franio, Jaider, Wilden, Olsen, Joseph, Stevenson, Samir, Johnny, Neyda, Vianey, Wilson, Frank, Ronal, Charles, Mayra, William y Wilfredo.<\/p>\n<p>Tambi\u00e9n, est\u00e1n los nombres que en pleno siglo XXI los padres no se atrever\u00edan a utilizar so pena de ver que cuando el hijo crezca y alcance la mayor\u00eda de edad vaya a la Registradur\u00eda y lo cambie. En ese grupo est\u00e1n\u00a0 Amalia, \u00a0Inmaculada, Natividad, Josefa, Rosendo, Edilma, Leonarda, Tarcisio, Milciades, Ediomar, Espedito, Eumelina y Victoriano. Los dem\u00e1s, sin mostrar la c\u00e9dula pasan, Arnulfo, Danilo, Abel, Israel, Augusto, Josu\u00e9, Isidro, Nubia, Paulo, Hermes, Uriel, Jos\u00e9 de Dios, Trinidad, Evelio, Lorenzo, Ana Dolores, Socorro, Emilio, Crist\u00f3bal, Edmundo, Marcelino, Isolina, Emel, Guber, \u00a0Seraf\u00edn, Bernardo y Andelfo.<\/p>\n<p>El siguiente es el listado de los candidatos a las 40 alcald\u00edas de Norte de Santander:<\/p>\n<p><strong>\u00c1brego<\/strong><\/p>\n<p>1.- Centro Democr\u00e1tico: Crist\u00f3bal Bonilla Blanco<\/p>\n<p>2.- Alianza Social Independiente: Gustavo Verjel Gaona<\/p>\n<p>3.- Alianza Verde: Jimmy\u00a0\u00a0\u00a0\u00a0\u00a0\u00a0\u00a0\u00a0\u00a0\u00a0\u00a0 Orlando Torrado Palacios<\/p>\n<p>4.- Cambio Radical: Juan Carlos\u00a0\u00a0\u00a0\u00a0\u00a0\u00a0\u00a0\u00a0\u00a0\u00a0\u00a0 J\u00e1come Ropero<\/p>\n<p>5.- Partido Conservador Colombiano: Claudia Coronel Barriga<\/p>\n<p>6.- Opci\u00f3n Ciudadana: Orlando\u00a0\u00a0\u00a0\u00a0\u00a0\u00a0\u00a0\u00a0\u00a0\u00a0 Antonio Pacheco Pacheco<\/p>\n<p>7.- Partido de la U: Huber Dar\u00edo S\u00e1nchez Ortega<\/p>\n<p><strong>Arboledas<\/strong><\/p>\n<p>1.- Arboledas Renace: Carlos Danilo Esteban Galvis<\/p>\n<p>2.- Partido de la U: Nery Amalia Lizcano Laguado<\/p>\n<p><strong>Bochalema<\/strong><\/p>\n<p>1.- Partido Liberal Colombiano: Abel Colegial Mart\u00ednez<\/p>\n<p>2.- Partido de la U: Mar\u00eda Inmaculada\u00a0\u00a0\u00a0\u00a0\u00a0\u00a0\u00a0\u00a0\u00a0\u00a0 Parada Berm\u00f3n<\/p>\n<p><strong>Bucarasica <\/strong><\/p>\n<p>1.- Cambio Radical: Alexander Jim\u00e9nez Ibarra<\/p>\n<p>2.- Partido Conservador Colombiano: Guzm\u00e1n Reyes Lizcano Gonz\u00e1lez<\/p>\n<p>3.- Partido de la U- Opci\u00f3n Ciudadana: Israel Alonso Verjel Tarazona<\/p>\n<p><strong>C\u00e1chira <\/strong><\/p>\n<p>1.- Partido Conservador Colombiano- Opci\u00f3n Ciudadana: Henry Augusto Reyes\u00a0\u00a0 Acevedo<\/p>\n<p>2.- Partido de la U: Javier Alexis Pab\u00f3n Acevedo<\/p>\n<p><strong>C\u00e1cota<\/strong><\/p>\n<p>1.- Alianza Verde: Josu\u00e9\u00a0 Natividad Fl\u00f3rez Pe\u00f1a<\/p>\n<p>2.- Partido Conservador Colombiano: Yajaira\u00a0 Shirley Botello Melo<\/p>\n<p>3.- Unidos por C\u00e1cota: Manuel Isidro Ca\u00f1as<\/p>\n<p><strong>Chin\u00e1cota\u00a0\u00a0\u00a0 <\/strong><\/p>\n<p>1.- Centro Democr\u00e1tico: Cristiam Mauricio Rodr\u00edguez Acevedo<\/p>\n<p>2.- Alianza Social Independiente (ASI): John Alexander Pe\u00f1aranda Rol\u00f3n<\/p>\n<p>3.- Alianza Verde: Sady\u00a0\u00a0 Hernando Berbes\u00ed Mendoza<\/p>\n<p>4.- Cambio Radical: Adolfo Le\u00f3n G\u00f3mez Parada<\/p>\n<p>5.- Partido Conservador Colombiano: Oscar\u00a0\u00a0\u00a0\u00a0\u00a0\u00a0\u00a0\u00a0\u00a0\u00a0 Andr\u00e9s Delgado Gil<\/p>\n<p>6.- Polo Democr\u00e1tico Alternativo: Josefa Albarrac\u00edn J\u00e1uregui<\/p>\n<p>7.- Partido de la U: Nubia Rosa Romero Contreras<\/p>\n<p><strong>Chitag\u00e1<\/strong><\/p>\n<p>1.- Centro Democr\u00e1tico: Andersen Ortega Su\u00e1rez<\/p>\n<p>2.- Partido social de Unidad Nacional: Fredy Orlando Quintero\u00a0\u00a0\u00a0\u00a0\u00a0\u00a0\u00a0\u00a0\u00a0\u00a0 Mogoll\u00f3n<\/p>\n<p>3.- Alianza Verde: Javier Molina Villamizar<\/p>\n<p>5.- Partido Liberal Colombiano: Paulo Alexander P\u00e1ez Mateus<\/p>\n<p>6.- Opci\u00f3n Ciudadana: Hermes Alejandro Rodr\u00edguez \u00c1lvarez<\/p>\n<p><strong>Convenci\u00f3n<\/strong><\/p>\n<p>1.- Alianza Verde: Jos\u00e9 Mart\u00edn\u00a0 T\u00e9llez Quintero<\/p>\n<p>2.- Partido Conservador Colombiano: Hermes Alfonso Garc\u00eda Quintero<\/p>\n<p>3.- Unidos Construyendo el Progreso de Convenci\u00f3n: Omar Antonio Anteliz S\u00e1nchez<\/p>\n<p><strong>C\u00facuta<\/strong><\/p>\n<p>1.- Centro Democr\u00e1tico: Sergio Entrena L\u00f3pez<\/p>\n<p>2.- Partido Liberal y Partido de la U: Carlos Eduardo Luna Romero<\/p>\n<p>3.- M\u00e1s Educacion \u2013 ASI: Jairo Humberto\u00a0\u00a0\u00a0\u00a0 Cristo Correa<\/p>\n<p>4.- Movimiento Alternativo Ind\u00edgena y Social (Mais): Wilfredo Grajales Rosas<\/p>\n<p>5.- Alianza Verde: David Francisco Castillo Calder\u00f3n<\/p>\n<p>6.- Cambio Radical: Jorge Enrique Acevedo Pe\u00f1aloza<\/p>\n<p>7.- Opci\u00f3n Ciudadana: C\u00e9sar Omar Rojas Ayala<\/p>\n<p>8.- Polo Democr\u00e1tico Alternativo: Charles Arnulfo Torres Pati\u00f1o<\/p>\n<p>9.- Uni\u00f3n Patri\u00f3tica: Rafael Humberto Romero Moreno<\/p>\n<p>&nbsp;<\/p>\n<p><strong>Cucutilla<\/strong><\/p>\n<p>1.- Partido Conservador Colombiano: Nelsy \u00a0\u00a0\u00a0\u00a0\u00a0\u00a0\u00a0\u00a0\u00a0\u00a0 Edilma P\u00e1ez Ortega<\/p>\n<p>2.- Partido de la U &#8211; Opci\u00f3n Ciudadana: Rosendo Ortega\u00a0\u00a0\u00a0\u00a0\u00a0\u00a0\u00a0\u00a0\u00a0\u00a0\u00a0 Silva<\/p>\n<p><strong>Durania\u00a0 <\/strong><\/p>\n<p>1.- Cambio Radical: Marlyn Yohana M\u00e1rquez Rivera<\/p>\n<p>2.- Partido Liberal Colombiano: C\u00e9sar\u00a0\u00a0\u00a0\u00a0\u00a0\u00a0\u00a0\u00a0\u00a0\u00a0\u00a0 Hernando Abreo Becerra<\/p>\n<p><strong>El Carmen<\/strong><\/p>\n<p>1.- Alianza Verde: Wilfredo G\u00e9lvez Prado<\/p>\n<p>2.- Cambio Radical: Jorge Uriel Mej\u00eda Fuentes<\/p>\n<p>3.- Partido Liberal Colombiano: Edwuin Humberto Contreras Chinchilla<\/p>\n<p>4.- Partido de la U: Alexander Pallares Navarro<\/p>\n<p><strong>El \u00adTarra<\/strong><\/p>\n<p>1.- Movimiento Autoridades Ind\u00edgenas de Colombia (Aico): Yair D\u00edaz Pe\u00f1aranda<\/p>\n<p>2.- Mudet-PDA: Jos\u00e9 de Dios Toro Villegas<\/p>\n<p><strong>El \u00adZulia<\/strong><\/p>\n<p>1.- Cambio Radical &#8211; Alianza Verde: German\u00a0\u00a0\u00a0\u00a0\u00a0\u00a0\u00a0\u00a0\u00a0\u00a0 Enrique Ortega Acero<\/p>\n<p>2.- Partido Liberal Colombiano: Fabio Roberto Fl\u00f3rez Alarc\u00f3n<\/p>\n<p>3.- Partido de la U: Elkin Caballero Ram\u00edrez<\/p>\n<p>4.- Uni\u00f3n Patri\u00f3tica: Leonarda Orellanos Camperos<\/p>\n<p>5.- Centro Democr\u00e1tico: Rafael Blanco Y\u00e1\u00f1ez<\/p>\n<p>6.- Alianza Social Independiente (ASI): Mario Cristopher de la Trinidad Vargas Riveros<\/p>\n<p>7.- Partido Conservador Colombiano: Jose Tarcisio Celis Rinc\u00f3n<\/p>\n<p>8.- Partido de la U: Nelson Ibarra Blanco<\/p>\n<p><strong>Hacar\u00ed <\/strong><\/p>\n<p>1.- Movimiento Alternativo Ind\u00edgena y social (Mais): Milciades Pinz\u00f3n Pinz\u00f3n<\/p>\n<p>2.- Alianza Social Independiente (ASI): Deyvy Bayona Guerrero<\/p>\n<p>3.- Unidos por Hacar\u00ed, lo mejor: Ediomar Ropero Mart\u00ednez<\/p>\n<p><strong>Herr\u00e1n<\/strong><\/p>\n<p>1.- Herranenses Auton\u00f3mos Capaces y Libres: Franio Guill\u00e9n Orozco Fern\u00e1ndez<\/p>\n<p>2.- Partido de la U: N\u00e9stor Julio\u00a0\u00a0\u00a0\u00a0\u00a0\u00a0\u00a0\u00a0\u00a0\u00a0\u00a0 Fl\u00f3rez\u00a0\u00a0\u00a0\u00a0\u00a0\u00a0\u00a0\u00a0\u00a0\u00a0\u00a0 Escalante<\/p>\n<p><strong>La Esperanza\u00a0\u00a0\u00a0\u00a0\u00a0\u00a0\u00a0\u00a0\u00a0 <\/strong><\/p>\n<p>1.- Alianza para el Progreso: Jaider Navarro\u00a0\u00a0\u00a0\u00a0\u00a0\u00a0\u00a0\u00a0\u00a0\u00a0\u00a0 Quintero<\/p>\n<p>2.- Centro Democr\u00e1tico: Espedito Jaimes Jaimes<\/p>\n<p>3.- Partido de la U: Eumelina Rinc\u00f3n Vargas<\/p>\n<p><strong>La Playa<\/strong><\/p>\n<p>1.- Partido Conservador Colombiano: V\u00edctor\u00a0 Julio\u00a0\u00a0\u00a0\u00a0\u00a0\u00a0\u00a0\u00a0\u00a0\u00a0\u00a0 Claro Lozano<\/p>\n<p><strong>Labateca\u00a0 <\/strong><\/p>\n<p>1.- Juntos para seguir progresando: Evelio Valencia Pe\u00f1aloza<\/p>\n<p>2.- Partido Conservador Colombiano: Wilden Fabi\u00e1n Capacho Monterrey<\/p>\n<p>3.- Opci\u00f3n Ciudadana: Jaime Humberto Ochoa Rivera<\/p>\n<p><strong>Los Patios<\/strong><\/p>\n<p>1.- Centro Democr\u00e1tico: Carlos\u00a0 Mauricio G\u00f3mez Carrillo<\/p>\n<p>2.- Movimiento Alternativo Ind\u00edgena y social (Mais): Hernando Celis Pab\u00f3n<\/p>\n<p>3.- Partido Liberal Colombiano: Julio C\u00e9sar\u00a0 Galvis<\/p>\n<p>4.- Partido de la U &#8211; Cambio Radical &#8211; Opci\u00f3n Ciudadana: Diego Armando Gonz\u00e1lez Toloza<\/p>\n<p><strong>Lourdes<\/strong><\/p>\n<p>1.- Partido Conservador Colombiano: Lorenzo Mart\u00ednez\u00a0\u00a0\u00a0\u00a0\u00a0\u00a0\u00a0\u00a0\u00a0\u00a0\u00a0 Moncada<\/p>\n<p>2.- Partido de la U: Omar Alexander Dumes Montero<\/p>\n<p><strong>Mutiscua<\/strong><\/p>\n<p>1.- Cambio Radical: Ana\u00a0 Dolores Solano Mantilla<\/p>\n<p>2.- Partido Liberal Colombiano &#8211; Partido Conservador: Rom\u00e1n Rojas G\u00e9lvez<\/p>\n<p><strong>Oca\u00f1a\u00a0\u00a0\u00a0\u00a0\u00a0\u00a0\u00a0\u00a0\u00a0\u00a0 <\/strong><\/p>\n<p>1.- Centro Democr\u00e1tico: Olsen Joseph Anteliz Bayona<\/p>\n<p>2.- Movimiento Alternativo Ind\u00edgena y Social (Mais): Albeiro Sep\u00falveda Ar\u00e9valo<\/p>\n<p>3.- Alianza Verde: Yuri Alfonso Carrascal G\u00f3mez<\/p>\n<p>4.- Cambio Radical: Juan Manuel Reyes \u00c1lvarez<\/p>\n<p>5.- Partido Conservador Colombiano: Miriam del Socorro Prado Carrascal<\/p>\n<p>6.- Partido Liberal Colombiano\u00a0 Jes\u00fas Eduardo Gandur Gonz\u00e1lez<\/p>\n<p>7.- Partido de la U: Rafael Stevenson Garc\u00eda\u00a0\u00a0\u00a0\u00a0\u00a0\u00a0\u00a0\u00a0\u00a0\u00a0\u00a0 Rond\u00f3n<\/p>\n<p>8.- Uni\u00f3n Patri\u00f3tica: Emilio S\u00e1nchez Alsina<\/p>\n<p>9.- Somos Movimiento y Opci\u00f3n Ciudadana: Samir Fernando Casadiego Sanju\u00e1n<\/p>\n<p><strong>Pamplona<\/strong><\/p>\n<p>1.- Centro Democr\u00e1tico: Ronald Mauricio Contreras Fl\u00f3rez<\/p>\n<p>2.- Alianza Verde: Jairo Miguel Lizcano Mendoza<\/p>\n<p>3.- Cambio Radical: Rub\u00e9n Dar\u00edo Caicedo Gelves<\/p>\n<p>4.- Partido Conservador Colombiano: Javier\u00a0\u00a0\u00a0\u00a0\u00a0\u00a0\u00a0\u00a0\u00a0\u00a0 Alejandro C\u00e1rdenas Y\u00e1\u00f1ez<\/p>\n<p>5.- Partido Liberal Colombiano: Humberto Pisciotti Quintero<\/p>\n<p>6.- Opci\u00f3n Ciudadana: Marcos Jos\u00e9 Enciso<\/p>\n<p>7.- Partido de la U: Juan Carlos Camargo Jerez<\/p>\n<p><strong>Pamplonita<\/strong><\/p>\n<p>1.- Centro Democr\u00e1tico: Elkin\u00a0\u00a0 Asdr\u00faval Mogoll\u00f3n Mogoll\u00f3n<\/p>\n<p>2.- Cambio Radical: Johnny Fernando\u00a0 Silva Rodr\u00edguez<\/p>\n<p>3.- Partido Conservador Colombiano: Francisco Alexander Contreras Rico<\/p>\n<p>4.- Partido de la U: Henry Humberto Cruz Cruz<\/p>\n<p><strong>Puerto Santander<\/strong><\/p>\n<p>1.- Centro Democratico: Neils Becerra Arias<\/p>\n<p>2.- Partido Conservador Colombiano: Henry Manuel Valero Peinado<\/p>\n<p>3.- Opci\u00f3n Ciudadana: Jos\u00e9 Edmundo\u00a0\u00a0\u00a0\u00a0\u00a0\u00a0\u00a0\u00a0\u00a0\u00a0 Mogoll\u00f3n Mogoll\u00f3n<\/p>\n<p>4.- Partido de la U: Yean Carlos\u00a0 Duarte Moreno<\/p>\n<p><strong>Ragonvalia<\/strong><\/p>\n<p>1.- Cambio Radical: Pedro Eduardo J\u00e1uregui\u00a0\u00a0\u00a0\u00a0\u00a0\u00a0\u00a0\u00a0\u00a0\u00a0 Pe\u00f1a<\/p>\n<p>2.- Partido Conservador Colombiano: Neyda Vianey Latorre Castellanos<\/p>\n<p><strong>Salazar<\/strong><\/p>\n<p>1.- Partido Conservador Colombiano: Eudes\u00a0\u00a0\u00a0\u00a0\u00a0\u00a0\u00a0\u00a0\u00a0\u00a0 Wilson Leal Salazar<\/p>\n<p>2.- Opci\u00f3n Ciudadana: Frank Carlos Castrill\u00f3n Rojas<\/p>\n<p>3.- Partido de la U: Ronal Felipe Jaimes Pab\u00f3n<\/p>\n<p><strong>San Calixto<\/strong><\/p>\n<p>1.- Movimiento Alternativo Ind\u00edgena y Social (Mais): Sa\u00fal Alfonso C\u00e1ceres S\u00e1nchez<\/p>\n<p>2.- Movimiento Autoridades Ind\u00edgenas de Colombia (Aico): Mayra Alejandra Gaona Pinz\u00f3n<\/p>\n<p>3.- Polo Democr\u00e1tico Alternativo: Jes\u00fas Bautista Obreg\u00f3n C\u00e1ceres<\/p>\n<p>4.- Uni\u00f3n Patri\u00f3tica &#8211; Alianza Verde: Yadil Jos\u00e9 Sanguino Manzano<\/p>\n<p><strong>San Cayetano<\/strong><\/p>\n<p>1.- Centro Democr\u00e1tico: Marcelino Torres<\/p>\n<p>2.- Partido de la U &#8211; Partido Liberal &#8211; Alianza Verde: Luis Javier Agudelo Guerrero<\/p>\n<p>3.- Alianza Social Independiente (ASI)\u00a0\u00a0\u00a0\u00a0\u00a0\u00a0\u00a0\u00a0\u00a0\u00a0 : Antonio Jos\u00e9 Mar\u00edn C\u00e1rdenas<\/p>\n<p>4.- Opci\u00f3n Ciudadana: N\u00e9stor Iv\u00e1n Ram\u00edrez Vanegas<\/p>\n<p><strong>Santiago<\/strong><\/p>\n<p>1.- Cambio Radical: Mar\u00eda Isolina Romero Ram\u00edrez<\/p>\n<p>2.- Partido Conservador Colombiano: Nelson Camacho Ortiz<\/p>\n<p>3.- Partido de la U: Martha Paola Correal Ure\u00f1a<\/p>\n<p><strong>Sardinata<\/strong><\/p>\n<p>1.- Centro Democr\u00e1tico: Yesid Navas Pe\u00f1aranda<\/p>\n<p>2.- Cambio Radical: Jes\u00fas Emel Espinel Galvis<\/p>\n<p>3.- Partido Conservador Colombiano: Yamile Rangel Calder\u00f3n<\/p>\n<p>4.- Partido de la U: Luis Fernando Montoya Salazar<\/p>\n<p><strong>Silos<\/strong><\/p>\n<p>1.- Cambio Radical: William Portilla Pab\u00f3n<\/p>\n<p>2.- Partido Liberal Colombiano: Gabriel Mauricio Portilla\u00a0\u00a0\u00a0\u00a0\u00a0\u00a0\u00a0\u00a0\u00a0\u00a0 Ram\u00edrez<\/p>\n<p>3- Opci\u00f3n Ciudadana: Orlando Portilla Mantilla<\/p>\n<p>4.- Partido de la U: Nelson Steiman Mart\u00ednez Capacho<\/p>\n<p><strong>Teorama<\/strong><\/p>\n<p>1.- Autoridades Ind\u00edgenas de Colombia (Aico)- Polo Democr\u00e1tico Alternativo: Jesus\u00a0\u00a0\u00a0\u00a0\u00a0\u00a0\u00a0 Leid Montagut Montejo<\/p>\n<p>2.- Movimiento Alternativo Ind\u00edgena y Social (Mais): Guber Arturo Baene Carrascal<\/p>\n<p>3.- Partido Liberal Colombiano: Luis Seraf\u00edn Vega Madariaga<\/p>\n<p>4.- Uni\u00f3n Patri\u00f3tica &#8211; Alianza Verde: Pedro El\u00edas Quintero Montejo<\/p>\n<p><strong>Tib\u00fa\u00a0\u00a0 <\/strong><\/p>\n<p>1.- Movimiento Alternativo Ind\u00edgena y Social (Mais): Manuel Eduardo Jaimes Olivares<\/p>\n<p>2.- Alianza Social Independiente (ASI): Jes\u00fas Alberto Escalante Ascencio<\/p>\n<p>3.- Cambio Radical &#8211; Partido Liberal Colombiano: Pedro Elias Tapias \u00c1lvarez<\/p>\n<p>4.- Partido Conservador Colombiano: Bernardo Betancurt Orozco<\/p>\n<p>5.- Polo Democr\u00e1tico Alternativo: Guillermo L\u00f3pez Prieto<\/p>\n<p>6.- Partido de la U: Jos\u00e9\u00a0\u00a0 Eduardo P\u00e9rez Amador<\/p>\n<p><strong>Toledo<\/strong><\/p>\n<p>1.- Cambio Radical: Jairo Alberto Castellanos Serrano<\/p>\n<p>2- Partido Conservador Colombiano: Carlos Javier\u00a0\u00a0\u00a0\u00a0\u00a0\u00a0\u00a0\u00a0\u00a0\u00a0 Prada Mogoll\u00f3n<\/p>\n<p>3.- Partido de la U: V\u00edctor Armando Gamboa Velasco<\/p>\n<p><strong>Villa Caro<\/strong><\/p>\n<p>1.- Alianza Verde: Victoriano Ll\u00e1nez<\/p>\n<p>2.- Partido Conservador Colombiano: Carlos Daniel Serrano Rodr\u00edguez<\/p>\n<p>3.- Opci\u00f3n Ciudadana: Andelfo\u00a0\u00a0\u00a0\u00a0\u00a0\u00a0\u00a0\u00a0\u00a0\u00a0\u00a0 Ortiz Mora<\/p>\n<p><strong>Villa del Rosario<\/strong><\/p>\n<p>1.- Centro Democr\u00e1tico: Pablo Alfonso Mari\u00f1o Dur\u00e1n<\/p>\n<p>2.- Movimiento Autoridades Ind\u00edgenas de Colombia (Aico): Pepe Ruiz Paredes<\/p>\n<p>3.- Partido Liberal Colombiano &#8211; Cambio Radical: Mauricio Jos\u00e9 Franco Trujillo<\/p>\n<p>4.- Partido de la U: Carlos Eduardo Hern\u00e1ndez Mogoll\u00f3n<\/p>\n<p><strong>RAFAEL ANTONIO PAB\u00d3N<\/strong><\/p>\n<p><a href=\"mailto:rafaelpabon58@hotmail.com\"><strong>rafaelpabon58@hotmail.com<\/strong><\/a><\/p>\n<p><strong>Foto:<\/strong> <strong><a href=\"http:\/\/www.quintopoder.com.co\">www.quintopoder.com.co<\/a><\/strong><\/p>\n<p><strong>\u00a0<\/strong><\/p>\n<p>&nbsp;<\/p>\n<p>&nbsp; <\/p>\n","protected":false},"excerpt":{"rendered":"<p>C\u00daCUTA.- El 10,49 por ciento de los candidatos inscritos ante la Registradur\u00eda del Estado Civil para gobernar los 40 municipios de Norte de Santander corresponde al g\u00e9nero femenino. Solo 17 mujeres obtuvieron el respaldo de los partidos pol\u00edticos tradicionales y nacientes para asumir las administraciones locales. \u00c1brego, Arboledas, Bochalema, C\u00e1cota, Chin\u00e1cota (2), Cucutilla, Durania, El &hellip;<\/p>\n","protected":false},"author":1,"featured_media":24862,"comment_status":"open","ping_status":"open","sticky":false,"template":"","format":"standard","meta":{"footnotes":""},"categories":[6],"tags":[],"class_list":["post-24861","post","type-post","status-publish","format-standard","has-post-thumbnail","hentry","category-ojo-avizor"],"_links":{"self":[{"href":"https:\/\/contraluzcucuta.co\/index.php?rest_route=\/wp\/v2\/posts\/24861","targetHints":{"allow":["GET"]}}],"collection":[{"href":"https:\/\/contraluzcucuta.co\/index.php?rest_route=\/wp\/v2\/posts"}],"about":[{"href":"https:\/\/contraluzcucuta.co\/index.php?rest_route=\/wp\/v2\/types\/post"}],"author":[{"embeddable":true,"href":"https:\/\/contraluzcucuta.co\/index.php?rest_route=\/wp\/v2\/users\/1"}],"replies":[{"embeddable":true,"href":"https:\/\/contraluzcucuta.co\/index.php?rest_route=%2Fwp%2Fv2%2Fcomments&post=24861"}],"version-history":[{"count":1,"href":"https:\/\/contraluzcucuta.co\/index.php?rest_route=\/wp\/v2\/posts\/24861\/revisions"}],"predecessor-version":[{"id":24863,"href":"https:\/\/contraluzcucuta.co\/index.php?rest_route=\/wp\/v2\/posts\/24861\/revisions\/24863"}],"wp:featuredmedia":[{"embeddable":true,"href":"https:\/\/contraluzcucuta.co\/index.php?rest_route=\/wp\/v2\/media\/24862"}],"wp:attachment":[{"href":"https:\/\/contraluzcucuta.co\/index.php?rest_route=%2Fwp%2Fv2%2Fmedia&parent=24861"}],"wp:term":[{"taxonomy":"category","embeddable":true,"href":"https:\/\/contraluzcucuta.co\/index.php?rest_route=%2Fwp%2Fv2%2Fcategories&post=24861"},{"taxonomy":"post_tag","embeddable":true,"href":"https:\/\/contraluzcucuta.co\/index.php?rest_route=%2Fwp%2Fv2%2Ftags&post=24861"}],"curies":[{"name":"wp","href":"https:\/\/api.w.org\/{rel}","templated":true}]}}