{"id":24858,"date":"2015-08-08T12:05:11","date_gmt":"2015-08-08T17:05:11","guid":{"rendered":"http:\/\/contraluzcucuta.co\/?p=24858"},"modified":"2015-08-11T20:37:27","modified_gmt":"2015-08-12T01:37:27","slug":"despedida-de-monsenor-quiero-pedir-perdon-si-he-ofendido-a-alguno","status":"publish","type":"post","link":"https:\/\/contraluzcucuta.co\/?p=24858","title":{"rendered":"DESPEDIDA DE MONSE\u00d1OR. \u201cQuiero pedir perd\u00f3n si he ofendido a alguno\u201d"},"content":{"rendered":"<p><strong>C\u00daCUTA.-<\/strong> La Catedral de San Jos\u00e9 de C\u00facuta alberg\u00f3, este 8 de agosto, a centenares de fieles cat\u00f3licos que deseaban escuchar y ver por \u00faltima vez a monse\u00f1or Julio C\u00e9sar Vidal Ortiz como director de la Di\u00f3cesis. El coro enton\u00f3 la primera canci\u00f3n y dio apertura al desfile de decenas de sacerdotes que acompa\u00f1aron al pastor en el recorrido de despedida por el templo. En el grupo reluc\u00edan los ornamentos de monse\u00f1or Luis Madrid Merlano, arzobispo de Nueva Pamplona; monse\u00f1or Omar Alberto S\u00e1nchez, obispo de Tib\u00fa, y monse\u00f1or Gabriel Villa, obispo de Oca\u00f1a.<\/p>\n<p>\u201cLo primero que quiero hacer es una consciente y profunda acci\u00f3n de gracias, gracias a Dios que se fio de m\u00ed y me encomend\u00f3 esta iglesia particular de C\u00facuta, me asisti\u00f3 en todo momento y me condujo por caminos de luz y de gracia\u201d, dijo monse\u00f1or Vidal Ortiz al comienzo de la homil\u00eda.<\/p>\n<p>Los fieles escucharon con atenci\u00f3n las palabras de agradecimiento al culminar, anticipadamente, cuatro a\u00f1os de gobierno diocesano. Y la lista la inici\u00f3 con los hermanos en el ministerio episcopal, \u00a0siguieron los sacerdotes, a quienes les dese\u00f3 lo mejor y por quienes orar\u00e1 \u201cpara que crezcan en fidelidad a Dios, a la Iglesia y al hombre\u201d.<\/p>\n<p>El reconocimiento se extendi\u00f3 a los formadores del seminario, a los seminaristas, al personal de la Curia, del Centro de Comunicaciones y del Centro Asociado, a los fieles que lo apoyaron con la oraci\u00f3n, las palabras y el ejemplo, a los laicos, a los grupos parroquiales, a los movimientos, a las asociaciones, a las autoridades civiles, a la Gobernaci\u00f3n, a la Alcald\u00eda, a las ramas del poder, a las instituciones militares y policiales, a los organismos internacionales, ONU, OEA, Caritas, a los periodistas, a los clubes sociales y a la ciudadan\u00eda de C\u00facuta y del \u00c1rea Metropolitana, porque lo acogieron con cari\u00f1o, devoci\u00f3n y respeto. \u201cQuiero pedir perd\u00f3n si he ofendido a alguno con mis actitudes y palabras\u201d.<\/p>\n<p>Monse\u00f1or Julio C\u00e9sar dio vuelta al libreto y pas\u00f3 al segundo punto en el que ten\u00eda dividido el serm\u00f3n. \u201cQuiero someramente explicarles algunas de las causas que me llevaron a presentar anticipadamente la renuncia a la direcci\u00f3n de la Di\u00f3cesis\u201d. Los feligreses aguardaban ese momento, en el que el pastor les dir\u00eda de frente por qu\u00e9 se va.<\/p>\n<p>Hace cuatro a\u00f1os vino trasladado desde la Di\u00f3cesis de Monter\u00eda. Al llegar dijo que \u201cno traigo ni oro ni plata, pero traigo un coraz\u00f3n para amarles desde Dios y una boca para anunciarles a Jesucristo como camino, verdad y vida\u201d. En este tiempo vivido en la capital de Norte de Santander ha tratado de cumplir esa sentencia \u201csin guardarme nada para m\u00ed, ni escatimar ning\u00fan esfuerzo del proceso de la evangelizaci\u00f3n\u201d.<\/p>\n<p>Explic\u00f3, con voz firme, que la labor iniciada para proyectar la Di\u00f3cesis a 9 o 12 a\u00f1os, para celebrar el s\u00ednodo y para continuar el compromiso asumido durante seis d\u00e9cadas por 9 obispos \u201cnecesita nuevas energ\u00edas, y por eso exige un obispo m\u00e1s joven y con mejores capacidades para que haga este trabajo\u201d.<\/p>\n<p>Monse\u00f1or Julio C\u00e9sar \u00a0da el paso al costado en atenci\u00f3n a los signos de los tiempos \u201cpara bien de esta iglesia particular, que es lo que importa. Por amor a la Iglesia abandonamos la direcci\u00f3n de la Di\u00f3cesis\u201d.<\/p>\n<p>El segundo de los motivos lo explic\u00f3 con similar energ\u00eda y sin detener la lectura. Y no es otro que \u201ctener m\u00e1s tiempo para intimar con Dios\u201d. Aprovechar\u00e1 las horas libres para dialogar con Dios, alabarlo, bendecirlo, darle gracias y pedirle perd\u00f3n. Adem\u00e1s, porque quiere tener m\u00e1s espacio para la predicaci\u00f3n. Este deseo, lo confes\u00f3, lo lleva en lo m\u00e1s profundo del coraz\u00f3n.<\/p>\n<p>El tercer momento de la predicaci\u00f3n lo dedic\u00f3 a la ordenaci\u00f3n de los di\u00e1conos. Pedro, Robinson, V\u00edctor y Gabriel se prepararon durante varios a\u00f1os para ese instante. Las familias, el seminario, las parroquias, los sacerdotes, los religiosos y los fieles contribuyeron para que mediante el discernimiento serio hayan descubierto el plan de Dios.<\/p>\n<p>El diaconado les permitir\u00e1 saborear el sacerdocio de Cristo como cabeza de la Iglesia. A partir de hoy asumen el celibato, la virtud de la pobreza y la obediencia, y hacen una opci\u00f3n libre y consciente de seguir radicalmente a Cristo que fue casto, pobre y obediente. \u201cEsta opci\u00f3n es un don y una conquista\u201d.<\/p>\n<p>La orden del diaconado les da el poder de predicar, presidir los sacramentos del bautismo y el matrimonio, efectuar exequias, presidir funerales, llevar el vi\u00e1tico a los enfermos y, sobre todo, ejercer la caridad. \u201cDeben mostrar el amor de Dios para con los m\u00e1s pobres, los excluidos, los desechabales\u201d.<\/p>\n<p>Al t\u00e9rmino de la homil\u00eda pidi\u00f3 a los fieles orar por el nuevo obispo monse\u00f1or V\u00edctor Manuel Ochoa. \u201c\u00c1menlo, ac\u00f3janlo, ap\u00f3yenlo y obed\u00e9zcanle, como lo han hecho conmigo\u201d. Dio la espalda, tom\u00f3 el b\u00e1culo pastoral, se baj\u00f3 del p\u00falpito y continu\u00f3 la ceremonia de ordenaci\u00f3n de los cuatro di\u00e1conos. El sucesor llegar\u00e1 a la ciudad el 14 de agosto, y tomar\u00e1 posesi\u00f3n de la sede episcopal el 15, en la Catedral de San Jos\u00e9, a las 10:00 de la ma\u00f1ana.<\/p>\n<p><strong>RAFAEL ANTONIO PAB\u00d3N<\/strong><\/p>\n<p><strong>rafaelpabon58@hotmail.com<\/strong><\/p>\n<p><strong>Foto: <a href=\"http:\/\/www.contraluzcucuta.co\">www.contraluzcucuta.co<\/a><\/strong><\/p>\n<p>&nbsp;<\/p>\n<p>&nbsp; <\/p>\n","protected":false},"excerpt":{"rendered":"<p>C\u00daCUTA.- La Catedral de San Jos\u00e9 de C\u00facuta alberg\u00f3, este 8 de agosto, a centenares de fieles cat\u00f3licos que deseaban escuchar y ver por \u00faltima vez a monse\u00f1or Julio C\u00e9sar Vidal Ortiz como director de la Di\u00f3cesis. El coro enton\u00f3 la primera canci\u00f3n y dio apertura al desfile de decenas de sacerdotes que acompa\u00f1aron al &hellip;<\/p>\n","protected":false},"author":1,"featured_media":24859,"comment_status":"open","ping_status":"open","sticky":false,"template":"","format":"standard","meta":{"footnotes":""},"categories":[7,541,32],"tags":[1547,191,2454],"class_list":["post-24858","post","type-post","status-publish","format-standard","has-post-thumbnail","hentry","category-acontecimientos","category-ciudad","category-recorrido-por-la-region","tag-catedral-de-san-jose","tag-monsenor-julio-cesar-vidal","tag-ordenacion-de-diaconos"],"_links":{"self":[{"href":"https:\/\/contraluzcucuta.co\/index.php?rest_route=\/wp\/v2\/posts\/24858","targetHints":{"allow":["GET"]}}],"collection":[{"href":"https:\/\/contraluzcucuta.co\/index.php?rest_route=\/wp\/v2\/posts"}],"about":[{"href":"https:\/\/contraluzcucuta.co\/index.php?rest_route=\/wp\/v2\/types\/post"}],"author":[{"embeddable":true,"href":"https:\/\/contraluzcucuta.co\/index.php?rest_route=\/wp\/v2\/users\/1"}],"replies":[{"embeddable":true,"href":"https:\/\/contraluzcucuta.co\/index.php?rest_route=%2Fwp%2Fv2%2Fcomments&post=24858"}],"version-history":[{"count":1,"href":"https:\/\/contraluzcucuta.co\/index.php?rest_route=\/wp\/v2\/posts\/24858\/revisions"}],"predecessor-version":[{"id":24860,"href":"https:\/\/contraluzcucuta.co\/index.php?rest_route=\/wp\/v2\/posts\/24858\/revisions\/24860"}],"wp:featuredmedia":[{"embeddable":true,"href":"https:\/\/contraluzcucuta.co\/index.php?rest_route=\/wp\/v2\/media\/24859"}],"wp:attachment":[{"href":"https:\/\/contraluzcucuta.co\/index.php?rest_route=%2Fwp%2Fv2%2Fmedia&parent=24858"}],"wp:term":[{"taxonomy":"category","embeddable":true,"href":"https:\/\/contraluzcucuta.co\/index.php?rest_route=%2Fwp%2Fv2%2Fcategories&post=24858"},{"taxonomy":"post_tag","embeddable":true,"href":"https:\/\/contraluzcucuta.co\/index.php?rest_route=%2Fwp%2Fv2%2Ftags&post=24858"}],"curies":[{"name":"wp","href":"https:\/\/api.w.org\/{rel}","templated":true}]}}