{"id":24833,"date":"2015-08-04T17:39:28","date_gmt":"2015-08-04T22:39:28","guid":{"rendered":"http:\/\/contraluzcucuta.co\/?p=24833"},"modified":"2015-08-04T17:39:28","modified_gmt":"2015-08-04T22:39:28","slug":"candidata-a-la-gobernacion-maldonado-socializa-plan-de-gobierno-en-ocana","status":"publish","type":"post","link":"https:\/\/contraluzcucuta.co\/?p=24833","title":{"rendered":"CANDIDATA A LA GOBERNACI\u00d3N. Maldonado socializa plan de gobierno en Oca\u00f1a"},"content":{"rendered":"<p><strong>OCA\u00d1A.-<\/strong> la candidata popular a la Gobernaci\u00f3n de Norte de Santander, Judith Maldonado Mojica, se reuni\u00f3 con\u00a0 l\u00edderes de la Asociaci\u00f3n de Desplazados de la Provincia de Oca\u00f1a (Asodepo) y militantes del Polo Democr\u00e1tico y la Uni\u00f3n Patri\u00f3tica.\u00a0 Durante dos d\u00edas de trabajo en Oca\u00f1a, socializ\u00f3 el cap\u00edtulo de v\u00edctimas, redactado en el plan de gobierno y los puntos que incluyen los derechos de v\u00edctimas y desplazados.<\/p>\n<p>En la reuni\u00f3n con l\u00edderes\u00a0 de los partidos pol\u00edticos que avalaron la candidatura, habl\u00f3 de los compromisos que asumir\u00e1 en los cuatro a\u00f1os en la Gobernaci\u00f3n.<\/p>\n<p>\u201cNuestro plan de gobierno hizo un compromiso con las\u00a0 v\u00edctimas. Uno de los ejes importantes es la construcci\u00f3n para la paz y el acceso al restablecimiento de los derechos de las v\u00edctimas\u201d, dijo la abogada defensora de derechos humanos.<\/p>\n<p>En\u00a0 Oca\u00f1a se conform\u00f3 el equipo de trabajo y 20 personas asumieron el compromiso con la Esperanza de Norte de Santander. Con los candidatos al concejo por el Polo Democr\u00e1tico Alternativo socializ\u00f3 la agenda para los tres meses de campa\u00f1a. Los dirigentes locales se comprometieron con la candidata popular.<\/p>\n<p><strong>Foto: PRENSA DE LA CAMPA\u00d1A<\/strong><\/p>\n<p>&nbsp; <\/p>\n","protected":false},"excerpt":{"rendered":"<p>OCA\u00d1A.- la candidata popular a la Gobernaci\u00f3n de Norte de Santander, Judith Maldonado Mojica, se reuni\u00f3 con\u00a0 l\u00edderes de la Asociaci\u00f3n de Desplazados de la Provincia de Oca\u00f1a (Asodepo) y militantes del Polo Democr\u00e1tico y la Uni\u00f3n Patri\u00f3tica.\u00a0 Durante dos d\u00edas de trabajo en Oca\u00f1a, socializ\u00f3 el cap\u00edtulo de v\u00edctimas, redactado en el plan de &hellip;<\/p>\n","protected":false},"author":1,"featured_media":24834,"comment_status":"open","ping_status":"open","sticky":false,"template":"","format":"standard","meta":{"footnotes":""},"categories":[9],"tags":[2205,2378],"class_list":["post-24833","post","type-post","status-publish","format-standard","has-post-thumbnail","hentry","category-politica","tag-candidata-a-la-gobernacion","tag-judith-maldonado-mojica"],"_links":{"self":[{"href":"https:\/\/contraluzcucuta.co\/index.php?rest_route=\/wp\/v2\/posts\/24833","targetHints":{"allow":["GET"]}}],"collection":[{"href":"https:\/\/contraluzcucuta.co\/index.php?rest_route=\/wp\/v2\/posts"}],"about":[{"href":"https:\/\/contraluzcucuta.co\/index.php?rest_route=\/wp\/v2\/types\/post"}],"author":[{"embeddable":true,"href":"https:\/\/contraluzcucuta.co\/index.php?rest_route=\/wp\/v2\/users\/1"}],"replies":[{"embeddable":true,"href":"https:\/\/contraluzcucuta.co\/index.php?rest_route=%2Fwp%2Fv2%2Fcomments&post=24833"}],"version-history":[{"count":1,"href":"https:\/\/contraluzcucuta.co\/index.php?rest_route=\/wp\/v2\/posts\/24833\/revisions"}],"predecessor-version":[{"id":24835,"href":"https:\/\/contraluzcucuta.co\/index.php?rest_route=\/wp\/v2\/posts\/24833\/revisions\/24835"}],"wp:featuredmedia":[{"embeddable":true,"href":"https:\/\/contraluzcucuta.co\/index.php?rest_route=\/wp\/v2\/media\/24834"}],"wp:attachment":[{"href":"https:\/\/contraluzcucuta.co\/index.php?rest_route=%2Fwp%2Fv2%2Fmedia&parent=24833"}],"wp:term":[{"taxonomy":"category","embeddable":true,"href":"https:\/\/contraluzcucuta.co\/index.php?rest_route=%2Fwp%2Fv2%2Fcategories&post=24833"},{"taxonomy":"post_tag","embeddable":true,"href":"https:\/\/contraluzcucuta.co\/index.php?rest_route=%2Fwp%2Fv2%2Ftags&post=24833"}],"curies":[{"name":"wp","href":"https:\/\/api.w.org\/{rel}","templated":true}]}}