{"id":24830,"date":"2015-08-04T17:21:49","date_gmt":"2015-08-04T22:21:49","guid":{"rendered":"http:\/\/contraluzcucuta.co\/?p=24830"},"modified":"2015-08-08T12:13:02","modified_gmt":"2015-08-08T17:13:02","slug":"seguridad-en-la-frontera-prometidos-camaras-motocicletas-y-pie-de-fuerza","status":"publish","type":"post","link":"https:\/\/contraluzcucuta.co\/?p=24830","title":{"rendered":"SEGURIDAD EN LA FRONTERA. Prometidos c\u00e1maras, motocicletas y pie de fuerza"},"content":{"rendered":"<p>&nbsp;<\/p>\n<p><strong>C\u00daCUTA.-<\/strong> La seguridad de los cucute\u00f1os, alterada en los \u00faltimos meses por el recrudecimiento de los delitos, ser\u00e1 reforzada con 315 videoc\u00e1maras, la llegada de 100 agentes de la polic\u00eda, la entrega de 70 motocicletas para los patrullajes, la puesta de funcionamiento de dos CAI M\u00f3viles y la construcci\u00f3n de la subestaci\u00f3n de la instituci\u00f3n en El Rodeo (Comuna 8).<\/p>\n<p>Los anuncios los hizo el ministro del Interior, Juan Fernando Cristo, a la salida de la reuni\u00f3n sostenida con los comerciantes locales. El encuentro se cumpli\u00f3 en la Gobernaci\u00f3n de Norte de Santander con testigos excepcionales. Con estas estrategias de choque, m\u00e1s inteligencia, m\u00e1s movilidad y m\u00e1s tecnolog\u00eda se espera que mejore la percepci\u00f3n que tiene la ciudadan\u00eda en C\u00facuta en materia de seguridad.<\/p>\n<p>En la reuni\u00f3n se conoci\u00f3 que mientras el homicidio presenta reducci\u00f3n en C\u00facuta, la preocupaci\u00f3n se direcciona hacia el hurto, la extorsi\u00f3n, el secuestro y el microtr\u00e1fico, en muchos casos con participaci\u00f3n de venezolanos.<\/p>\n<p>Ante los requerimientos ciudadanos se trazaron tareas espec\u00edficas para desarrollar desde el comando de la Regi\u00f3n de Polic\u00eda 5. Cada semana habr\u00e1 reuniones con los gremios y en un mes el ministro Cristo y el director de la Polic\u00eda, general Rodolfo Palomino, visitar\u00e1n la ciudad para valorar y verificar los avances alcanzados en cuanto a la seguridad.<\/p>\n<p>La Polic\u00eda Metropolitana recibir\u00e1 ayudas tecnol\u00f3gicas y de movilidad, antes de finalizar el a\u00f1o, para combatir la criminalidad:<\/p>\n<p>1.- En noviembre, se instalar\u00e1n 315 c\u00e1maras de seguridad, que tendr\u00e1n una inversi\u00f3n de $ 10.000 millones.<\/p>\n<p>2.- Los aparatos se sumar\u00e1n a las 54 c\u00e1maras que funcionan en la ciudad y que son monitoreadas por la Mecuc.<\/p>\n<p>3.- En septiembre, llegar\u00e1n 100 uniformados.<\/p>\n<p>4.- La entrega de 70 motocicletas<\/p>\n<p>5.- La puesta en funcionamiento de dos Comandos de Atenci\u00f3n Inmediata (CAI) M\u00f3viles<\/p>\n<p>6.- La creaci\u00f3n de la Subestaci\u00f3n de Polic\u00eda El Rodeo.<\/p>\n<p>Igualmente, se trabajar\u00e1 para fortalecer la cultura de la denuncia ciudadana y de la entrega de informaci\u00f3n que permita actuar con efectividad y diligencia, para establecer cu\u00e1l es la forma de contener los riesgos, las amenazas y las dificultades que persisten en C\u00facuta.<\/p>\n<p>Se facilitar\u00e1 el proceso de formulaci\u00f3n de la denuncia penal por parte de las v\u00edctimas de la comisi\u00f3n de un delito. Actualmente, hay dificultades por la demora en el tiempo que deben agotar para hacerlo. Ante esto, se implementar\u00e1 que en las estaciones de polic\u00eda se haga la recepci\u00f3n a cualquier hora del d\u00eda o de la noche. Tambi\u00e9n, se mejorar\u00e1 la recepci\u00f3n en las Unidades de Reacci\u00f3n Inmediata (URI) de la Fiscal\u00eda.<\/p>\n<p>Representantes de sectores comerciales, empresariales y econ\u00f3micos locales y departamentales expusieron las inquietudes y las propuestas sobre inseguridad en la capital nortesantandereana y la zona del Catatumbo ante el ministro Cristo; el general Rodolfo Palomino, director de la Polic\u00eda; Edgar D\u00edaz, Gobernador de Norte de Santander; Donamaris Ram\u00edrez, Alcalde de C\u00facuta,\u00a0 y autoridades de la regi\u00f3n.<\/p>\n<p><strong>Foto: PRENSA MECUC<\/strong><\/p>\n<p>&nbsp;<\/p>\n<p>&nbsp; <\/p>\n","protected":false},"excerpt":{"rendered":"<p>&nbsp; C\u00daCUTA.- La seguridad de los cucute\u00f1os, alterada en los \u00faltimos meses por el recrudecimiento de los delitos, ser\u00e1 reforzada con 315 videoc\u00e1maras, la llegada de 100 agentes de la polic\u00eda, la entrega de 70 motocicletas para los patrullajes, la puesta de funcionamiento de dos CAI M\u00f3viles y la construcci\u00f3n de la subestaci\u00f3n de la &hellip;<\/p>\n","protected":false},"author":1,"featured_media":24831,"comment_status":"open","ping_status":"open","sticky":false,"template":"","format":"standard","meta":{"footnotes":""},"categories":[11,6],"tags":[2446,783,1697,1274],"class_list":["post-24830","post","type-post","status-publish","format-standard","has-post-thumbnail","hentry","category-cronica-roja","category-ojo-avizor","tag-camaras-de-seguridad","tag-juan-fernando-cristo","tag-ministro-del-interior","tag-seguridad-en-cucuta"],"_links":{"self":[{"href":"https:\/\/contraluzcucuta.co\/index.php?rest_route=\/wp\/v2\/posts\/24830","targetHints":{"allow":["GET"]}}],"collection":[{"href":"https:\/\/contraluzcucuta.co\/index.php?rest_route=\/wp\/v2\/posts"}],"about":[{"href":"https:\/\/contraluzcucuta.co\/index.php?rest_route=\/wp\/v2\/types\/post"}],"author":[{"embeddable":true,"href":"https:\/\/contraluzcucuta.co\/index.php?rest_route=\/wp\/v2\/users\/1"}],"replies":[{"embeddable":true,"href":"https:\/\/contraluzcucuta.co\/index.php?rest_route=%2Fwp%2Fv2%2Fcomments&post=24830"}],"version-history":[{"count":1,"href":"https:\/\/contraluzcucuta.co\/index.php?rest_route=\/wp\/v2\/posts\/24830\/revisions"}],"predecessor-version":[{"id":24832,"href":"https:\/\/contraluzcucuta.co\/index.php?rest_route=\/wp\/v2\/posts\/24830\/revisions\/24832"}],"wp:featuredmedia":[{"embeddable":true,"href":"https:\/\/contraluzcucuta.co\/index.php?rest_route=\/wp\/v2\/media\/24831"}],"wp:attachment":[{"href":"https:\/\/contraluzcucuta.co\/index.php?rest_route=%2Fwp%2Fv2%2Fmedia&parent=24830"}],"wp:term":[{"taxonomy":"category","embeddable":true,"href":"https:\/\/contraluzcucuta.co\/index.php?rest_route=%2Fwp%2Fv2%2Fcategories&post=24830"},{"taxonomy":"post_tag","embeddable":true,"href":"https:\/\/contraluzcucuta.co\/index.php?rest_route=%2Fwp%2Fv2%2Ftags&post=24830"}],"curies":[{"name":"wp","href":"https:\/\/api.w.org\/{rel}","templated":true}]}}