{"id":24821,"date":"2015-08-04T16:15:40","date_gmt":"2015-08-04T21:15:40","guid":{"rendered":"http:\/\/contraluzcucuta.co\/?p=24821"},"modified":"2015-08-07T15:59:03","modified_gmt":"2015-08-07T20:59:03","slug":"comuna-8-hurtos-atracos-y-trafico-de-drogas-los-dolores-de-cabeza","status":"publish","type":"post","link":"https:\/\/contraluzcucuta.co\/?p=24821","title":{"rendered":"COMUNA 8. Hurtos, atracos y tr\u00e1fico de drogas, los dolores de cabeza"},"content":{"rendered":"<p><strong>C\u00daCUTA.-<\/strong> El hurto callejero, el atraco a mano armada y el tr\u00e1fico de sustancias estupefacientes en menores cantidades son los mayores problemas de la Comuna 8, de C\u00facuta. Contrarrestar esos delitos son las prioridades para los habitantes de los barrios y complejos habitacionales. En El Rodeo se analizaron los requerimientos de seguridad.<\/p>\n<p>As\u00ed se lo hicieron saber al \u00a0general Jaime \u00c1lvarez, comandante de la Regi\u00f3n de Polic\u00eda 5, y al coronel Jaime Barrera, comandante de la Polic\u00eda Metropolitana de C\u00facuta (Mecuc). Los voceros comunales requirieron la intervenci\u00f3n de la instituci\u00f3n para atacar los delitos comunes.<\/p>\n<p>En cumplimiento a la Pol\u00edtica de Seguridad Ciudadana del Gobierno, \u00a0la Mecuc llega a las comunidades urbanas para conocer de primera mano las inquietudes sobre seguridad. El objetivo es desarrollar acciones conjuntas que permitan resolverlos.<\/p>\n<p>La instituci\u00f3n educativa de El Rodeo sirvi\u00f3 como sede para el encuentro de seguridad. L\u00edderes comunales y comunitarios expusieron los hechos delictivos que afectan la seguridad y la convivencia, y que se han convertido en la mayor inquietud para los habitantes.<\/p>\n<p>Polic\u00eda y presidentes de juntas de acci\u00f3n comunal analizaron el panorama que \u00a0viven 15 barrios y complejos habitacionales de inter\u00e9s social en ese sector de la ciudadela Juan Atalaya. Definieron acciones preventivas y operativas que permitir\u00e1n devolverles a los habitantes la seguridad requerida y fortalecer\u00e1n el trabajo comunitario por parte de los polic\u00edas del cuadrante.<\/p>\n<p>La Seccional de Investigaci\u00f3n Criminal (Sij\u00edn) liderar\u00e1 acciones que permitir\u00e1n desarticular las bandas delincuenciales y las estructuras del crimen organizado que puedan estar detr\u00e1s de los hurtos y las ventas de narc\u00f3ticos, como fuentes de financiaci\u00f3n.<\/p>\n<p>El trabajo con la comunidad ser\u00e1 fortalecido, teniendo como protagonistas a ni\u00f1os y adolescentes vincul\u00e1ndolos al programa institucional del \u2018Grupo de Apoyo Comunitario (Graco), que permite protegerlos y alejarlos de la problem\u00e1tica social que viven esos sectores.<\/p>\n<p>La Polic\u00eda Metropolitana de C\u00facuta acompa\u00f1ar\u00e1 a los residentes de los barrios Sevilla, Buena Esperanza, La Victoria, Ni\u00f1a Ceci, Do\u00f1a Nidia, Belisario, Pizarro, Antonia Santos, Palmeras, El Progreso, Los Olivos, Sabana Verde, C\u00facuta 75, Los Almendros y Nuevo Horizonte, y los complejos habitacionales Cormoranes, Los Estoraques y El Rodeo.<\/p>\n<p><strong>Foto: PRENSA MECUC<\/strong><\/p>\n<p>&nbsp; <\/p>\n","protected":false},"excerpt":{"rendered":"<p>C\u00daCUTA.- El hurto callejero, el atraco a mano armada y el tr\u00e1fico de sustancias estupefacientes en menores cantidades son los mayores problemas de la Comuna 8, de C\u00facuta. Contrarrestar esos delitos son las prioridades para los habitantes de los barrios y complejos habitacionales. En El Rodeo se analizaron los requerimientos de seguridad. As\u00ed se lo &hellip;<\/p>\n","protected":false},"author":1,"featured_media":24822,"comment_status":"open","ping_status":"open","sticky":false,"template":"","format":"standard","meta":{"footnotes":""},"categories":[541,11,6],"tags":[1078,323,293],"class_list":["post-24821","post","type-post","status-publish","format-standard","has-post-thumbnail","hentry","category-ciudad","category-cronica-roja","category-ojo-avizor","tag-comuna-8-de-cucuta","tag-mecuc","tag-policia-metropolitana-de-cucuta"],"_links":{"self":[{"href":"https:\/\/contraluzcucuta.co\/index.php?rest_route=\/wp\/v2\/posts\/24821","targetHints":{"allow":["GET"]}}],"collection":[{"href":"https:\/\/contraluzcucuta.co\/index.php?rest_route=\/wp\/v2\/posts"}],"about":[{"href":"https:\/\/contraluzcucuta.co\/index.php?rest_route=\/wp\/v2\/types\/post"}],"author":[{"embeddable":true,"href":"https:\/\/contraluzcucuta.co\/index.php?rest_route=\/wp\/v2\/users\/1"}],"replies":[{"embeddable":true,"href":"https:\/\/contraluzcucuta.co\/index.php?rest_route=%2Fwp%2Fv2%2Fcomments&post=24821"}],"version-history":[{"count":1,"href":"https:\/\/contraluzcucuta.co\/index.php?rest_route=\/wp\/v2\/posts\/24821\/revisions"}],"predecessor-version":[{"id":24823,"href":"https:\/\/contraluzcucuta.co\/index.php?rest_route=\/wp\/v2\/posts\/24821\/revisions\/24823"}],"wp:featuredmedia":[{"embeddable":true,"href":"https:\/\/contraluzcucuta.co\/index.php?rest_route=\/wp\/v2\/media\/24822"}],"wp:attachment":[{"href":"https:\/\/contraluzcucuta.co\/index.php?rest_route=%2Fwp%2Fv2%2Fmedia&parent=24821"}],"wp:term":[{"taxonomy":"category","embeddable":true,"href":"https:\/\/contraluzcucuta.co\/index.php?rest_route=%2Fwp%2Fv2%2Fcategories&post=24821"},{"taxonomy":"post_tag","embeddable":true,"href":"https:\/\/contraluzcucuta.co\/index.php?rest_route=%2Fwp%2Fv2%2Ftags&post=24821"}],"curies":[{"name":"wp","href":"https:\/\/api.w.org\/{rel}","templated":true}]}}