{"id":24818,"date":"2015-08-04T16:04:15","date_gmt":"2015-08-04T21:04:15","guid":{"rendered":"http:\/\/contraluzcucuta.co\/?p=24818"},"modified":"2015-08-07T15:14:10","modified_gmt":"2015-08-07T20:14:10","slug":"conflicto-armado-doce-municipios-tendran-centros-de-integracion-ciudadana","status":"publish","type":"post","link":"https:\/\/contraluzcucuta.co\/?p=24818","title":{"rendered":"CONFLICTO ARMADO. Doce municipios tendr\u00e1n Centros de Integraci\u00f3n Ciudadana"},"content":{"rendered":"<p><strong>C\u00daCUTA.-<\/strong> Doce municipios nortesantandereanos, de los 281 escogidos en el pa\u00eds por ser los m\u00e1s afectados por el conflicto armado, tendr\u00e1n Centros de Integraci\u00f3n Ciudadana en los que se ejecutar\u00e1n las pol\u00edticas de seguridad, convivencia y paz territorial. El Gobierno, por intermedio del ministerio del Interior, se comprometi\u00f3 a construir pol\u00edticas para el posconflicto.<\/p>\n<p>Las localidades favorecidas en Norte de Santander son \u00c1brego, Chitag\u00e1, Convenci\u00f3n, El Carmen, El Tarra, Hacar\u00ed, Oca\u00f1a, San Calixto, Sardinata, Teorama, Tib\u00fa y Toledo. En algunos, est\u00e1n listos los Centros, solo faltan el dise\u00f1o y la implementaci\u00f3n de las pol\u00edticas de seguridad, convivencia, di\u00e1logo social y paz territorial.<\/p>\n<p>El compromiso fue suscrito por el ministro Juan Fernando Cristo Bustos, durante la gira \u2018Estamos Cumpliendo\u2019,\u00a0 con la presencia del presidente Juan Manuel Santos. La consigna es \u201calrededor de esos Centros montar las escuelas de paz y de democracia; la participaci\u00f3n de los comunales; la participaci\u00f3n de ind\u00edgenas y afros en esas regiones para la construcci\u00f3n de la paz\u201d.<\/p>\n<p>El presidente Santos destac\u00f3 lo alcanzado por la cartera de Interior en materia de atenci\u00f3n a las v\u00edctimas del conflicto. \u201cLo que quiero para este pa\u00eds es cerrar esa f\u00e1brica de v\u00edctimas que se llama la guerra, el conflicto armado (\u2026). Pero mientras tanto tenemos que atender a las v\u00edctimas, es una obligaci\u00f3n como sociedad, es parte adem\u00e1s de esa reconciliaci\u00f3n que tanto necesitamos\u201d.<\/p>\n<p>Algunos de los logros del Ministerio del Interior en los \u00faltimos cinco a\u00f1os son:<\/p>\n<p>1.- Se reforz\u00f3 la tarea de la Fuerza P\u00fablica: 78 estaciones de Polic\u00eda, 179 proyectos de movilidad (carros, motos); 66 proyectos de apoyo al Plan Cuadrantes y 33 centros administrativos municipales.<\/p>\n<p>2.- Mediante una pol\u00edtica de di\u00e1logo directo y trabajo continuo, por primera vez en la historia los pueblos ind\u00edgenas y ROM fueron consultados para el Plan Nacional de Desarrollo para los periodos 2010 \u2013 2014, y 2014 \u2013 2018.<\/p>\n<p>3.- Se logr\u00f3 la protocolizaci\u00f3n de m\u00e1s de 4300 consultas previas con las comunidades \u00e9tnicas, para viabilizar proyectos en infraestructura, mineros, de hidrocarburos, de TIC y el\u00e9ctricos de alto impacto.<\/p>\n<p>4.- Aprobadas 300 leyes, dentro de las cuales se incluye la Ley de V\u00edctimas y Restituci\u00f3n de Tierras.<\/p>\n<p>5.- Aprobaci\u00f3n de la reforma al equilibrio de poderes, los planes nacionales de desarrollo, la reforma al sistema de regal\u00edas, la protocolizaci\u00f3n de los Tratados de Libre Comercio con Asia, entre otros.<\/p>\n<p>6.- En la \u00faltima legislatura fue aprobada la Ley Estatutaria de la Salud y la Ley Anticontrabando.<\/p>\n<p>7.- Se brind\u00f3 una respuesta oportuna a las inquietudes de los partidos que adelantaron 478.185 consultas respecto a los antecedentes de los candidatos.<\/p>\n<p>8.- Hoy, existen 4915 de c\u00e1maras de seguridad que contribuyen con la vigilancia en 195 municipios.<\/p>\n<p>9.- La entrada en vigencia de la Ley de Bomberos permiti\u00f3 al Gobierno destinar $ 45.000 millones, consecuencia de lo cual se han completado 619 unidades en todo el pa\u00eds.<\/p>\n<p><strong>Foto:<\/strong> <strong>NELSON C\u00c1RDENAS &#8211; PRESIDENCIA<\/strong><\/p>\n<p>&nbsp; <\/p>\n","protected":false},"excerpt":{"rendered":"<p>C\u00daCUTA.- Doce municipios nortesantandereanos, de los 281 escogidos en el pa\u00eds por ser los m\u00e1s afectados por el conflicto armado, tendr\u00e1n Centros de Integraci\u00f3n Ciudadana en los que se ejecutar\u00e1n las pol\u00edticas de seguridad, convivencia y paz territorial. El Gobierno, por intermedio del ministerio del Interior, se comprometi\u00f3 a construir pol\u00edticas para el posconflicto. Las &hellip;<\/p>\n","protected":false},"author":1,"featured_media":24819,"comment_status":"open","ping_status":"open","sticky":false,"template":"","format":"standard","meta":{"footnotes":""},"categories":[5,32],"tags":[2443,718,783,1907],"class_list":["post-24818","post","type-post","status-publish","format-standard","has-post-thumbnail","hentry","category-justicia-transicional","category-recorrido-por-la-region","tag-centros-de-integracion-ciudadana","tag-conflicto-armado","tag-juan-fernando-cristo","tag-ministerio-del-interior"],"_links":{"self":[{"href":"https:\/\/contraluzcucuta.co\/index.php?rest_route=\/wp\/v2\/posts\/24818","targetHints":{"allow":["GET"]}}],"collection":[{"href":"https:\/\/contraluzcucuta.co\/index.php?rest_route=\/wp\/v2\/posts"}],"about":[{"href":"https:\/\/contraluzcucuta.co\/index.php?rest_route=\/wp\/v2\/types\/post"}],"author":[{"embeddable":true,"href":"https:\/\/contraluzcucuta.co\/index.php?rest_route=\/wp\/v2\/users\/1"}],"replies":[{"embeddable":true,"href":"https:\/\/contraluzcucuta.co\/index.php?rest_route=%2Fwp%2Fv2%2Fcomments&post=24818"}],"version-history":[{"count":1,"href":"https:\/\/contraluzcucuta.co\/index.php?rest_route=\/wp\/v2\/posts\/24818\/revisions"}],"predecessor-version":[{"id":24820,"href":"https:\/\/contraluzcucuta.co\/index.php?rest_route=\/wp\/v2\/posts\/24818\/revisions\/24820"}],"wp:featuredmedia":[{"embeddable":true,"href":"https:\/\/contraluzcucuta.co\/index.php?rest_route=\/wp\/v2\/media\/24819"}],"wp:attachment":[{"href":"https:\/\/contraluzcucuta.co\/index.php?rest_route=%2Fwp%2Fv2%2Fmedia&parent=24818"}],"wp:term":[{"taxonomy":"category","embeddable":true,"href":"https:\/\/contraluzcucuta.co\/index.php?rest_route=%2Fwp%2Fv2%2Fcategories&post=24818"},{"taxonomy":"post_tag","embeddable":true,"href":"https:\/\/contraluzcucuta.co\/index.php?rest_route=%2Fwp%2Fv2%2Ftags&post=24818"}],"curies":[{"name":"wp","href":"https:\/\/api.w.org\/{rel}","templated":true}]}}