{"id":24780,"date":"2015-07-29T19:21:10","date_gmt":"2015-07-30T00:21:10","guid":{"rendered":"http:\/\/contraluzcucuta.co\/?p=24780"},"modified":"2015-07-31T16:14:37","modified_gmt":"2015-07-31T21:14:37","slug":"biblioexpress-cucuta-cuenta-con-lunada-literaria","status":"publish","type":"post","link":"https:\/\/contraluzcucuta.co\/?p=24780","title":{"rendered":"BIBLIOEXPRESS. C\u00facuta cuenta con &#8216;Lunada literaria&#8217;"},"content":{"rendered":"<p><strong>C\u00daCUTA.-<\/strong> Los cucute\u00f1os podr\u00e1n disfrutar, ahora, de jornadas nocturnas culturales con el acompa\u00f1amiento de la Biblioexpress. La estrategia de extensi\u00f3n de servicios bibliotecarios, \u2018Lunada literaria\u2019, pertenece a la Red Municipal de Lectura y Escritura.<\/p>\n<p>Los habitantes de los barrios Divina Pastora y Bel\u00e9n, y el sector Brisas de Paz y Futuro disfrutaron con la experiencia durante una noche especial ambientada con actividades educativas, art\u00edsticas y culturales.<\/p>\n<p>La \u2018Lunada literaria\u2019 es un espacio dinamizado a partir de momentos de lectura\u00a0 en torno a cuentos, poes\u00edas y novelas. Posibilita la interacci\u00f3n de los asistentes, la integraci\u00f3n social y la participaci\u00f3n comunitaria, bajo las noches y en ambientes al aire libre.<\/p>\n<p>La Secretar\u00eda de Cultura Municipal y la Red de Lectura y Escritura de C\u00facuta dise\u00f1aron la estrategia con el prop\u00f3sito de habitar otros espacios y momentos de la ciudad, y compartir con ni\u00f1os, j\u00f3venes, adultos y adultos mayores expresiones de las artes y la cultura, y todo lo que se pueda interpretar y recrear.<\/p>\n<p>En los encuentros la comunidad descubre otras opciones de vida, conoce las producciones de escritores nacionales e internacionales, disfruta las creaciones de artistas locales y globales, y reconoce tradiciones y costumbres.<\/p>\n<p>La \u2018Lunada literaria\u2019 es un espacio ameno, familiar, alegre y con variedad de actividades. La idea de implementar la estrategia en los barrios surgi\u00f3 del Proyecto uso y apropiaci\u00f3n de las TIC en bibliotecas p\u00fablicas del Ministerio de Cultura.<\/p>\n<p>El proyecto se implement\u00f3 en tres bibliotecas de C\u00facuta con el objeto de mejorar el acceso a la informaci\u00f3n mediante herramientas tecnol\u00f3gicas y para estimular el desarrollo de servicios que respondan a las\u00a0 necesidades e intereses de la comunidad y que integren en sus metodolog\u00edas las TIC.<\/p>\n<p>Las bibliotecas est\u00e1n dotadas con proyectores, pantallas informadoras, tabletas, sistemas de audio, entre otros elementos, en procura de ampliar los servicios e incentivar otras formas de lectura y de acceso a la informaci\u00f3n, el conocimiento y las manifestaciones de la cultura.<\/p>\n<p>La Biblioexpress recorrer\u00e1 la ciudad para \u2013con el uso de las tecnolog\u00edas y los recursos bibliogr\u00e1ficos\u2013 estimular otros procesos de lectura, generar una cultura en torno a la paz y promover la participaci\u00f3n de los cucute\u00f1os en experiencias alrededor de los libros y las artes.<\/p>\n<p>La iniciativa de descentralizaci\u00f3n de servicios bibliotecarios se extender\u00e1 paulatinamente y busca el encuentro con la comunidad, para ofrecer otras posibilidades\u00a0 diferentes a las rutinarias, y estimular ambientes familiares donde padres e hijos disfruten de la oferta cultural de las bibliotecas.<\/p>\n<p><strong>Foto: PRENSA RED MUNICIPAL DE LECTURA<\/strong><\/p>\n<p>&nbsp; <\/p>\n","protected":false},"excerpt":{"rendered":"<p>C\u00daCUTA.- Los cucute\u00f1os podr\u00e1n disfrutar, ahora, de jornadas nocturnas culturales con el acompa\u00f1amiento de la Biblioexpress. La estrategia de extensi\u00f3n de servicios bibliotecarios, \u2018Lunada literaria\u2019, pertenece a la Red Municipal de Lectura y Escritura. Los habitantes de los barrios Divina Pastora y Bel\u00e9n, y el sector Brisas de Paz y Futuro disfrutaron con la experiencia &hellip;<\/p>\n","protected":false},"author":1,"featured_media":24781,"comment_status":"open","ping_status":"open","sticky":false,"template":"","format":"standard","meta":{"footnotes":""},"categories":[541,36,37],"tags":[2428,2429],"class_list":["post-24780","post","type-post","status-publish","format-standard","has-post-thumbnail","hentry","category-ciudad","category-la-voz-del-pueblo","category-paseo-cultural","tag-lunada-literaria","tag-red-municipal-de-lectura"],"_links":{"self":[{"href":"https:\/\/contraluzcucuta.co\/index.php?rest_route=\/wp\/v2\/posts\/24780","targetHints":{"allow":["GET"]}}],"collection":[{"href":"https:\/\/contraluzcucuta.co\/index.php?rest_route=\/wp\/v2\/posts"}],"about":[{"href":"https:\/\/contraluzcucuta.co\/index.php?rest_route=\/wp\/v2\/types\/post"}],"author":[{"embeddable":true,"href":"https:\/\/contraluzcucuta.co\/index.php?rest_route=\/wp\/v2\/users\/1"}],"replies":[{"embeddable":true,"href":"https:\/\/contraluzcucuta.co\/index.php?rest_route=%2Fwp%2Fv2%2Fcomments&post=24780"}],"version-history":[{"count":1,"href":"https:\/\/contraluzcucuta.co\/index.php?rest_route=\/wp\/v2\/posts\/24780\/revisions"}],"predecessor-version":[{"id":24782,"href":"https:\/\/contraluzcucuta.co\/index.php?rest_route=\/wp\/v2\/posts\/24780\/revisions\/24782"}],"wp:featuredmedia":[{"embeddable":true,"href":"https:\/\/contraluzcucuta.co\/index.php?rest_route=\/wp\/v2\/media\/24781"}],"wp:attachment":[{"href":"https:\/\/contraluzcucuta.co\/index.php?rest_route=%2Fwp%2Fv2%2Fmedia&parent=24780"}],"wp:term":[{"taxonomy":"category","embeddable":true,"href":"https:\/\/contraluzcucuta.co\/index.php?rest_route=%2Fwp%2Fv2%2Fcategories&post=24780"},{"taxonomy":"post_tag","embeddable":true,"href":"https:\/\/contraluzcucuta.co\/index.php?rest_route=%2Fwp%2Fv2%2Ftags&post=24780"}],"curies":[{"name":"wp","href":"https:\/\/api.w.org\/{rel}","templated":true}]}}