{"id":24777,"date":"2015-07-29T17:31:37","date_gmt":"2015-07-29T22:31:37","guid":{"rendered":"http:\/\/contraluzcucuta.co\/?p=24777"},"modified":"2015-07-31T15:36:43","modified_gmt":"2015-07-31T20:36:43","slug":"los-lios-de-la-ufps-rectora-designada-se-siente-perseguida-por-ser-mujer","status":"publish","type":"post","link":"https:\/\/contraluzcucuta.co\/?p=24777","title":{"rendered":"LOS L\u00cdOS DE LA UFPS. Rectora designada se siente perseguida por ser mujer"},"content":{"rendered":"<p><strong>C\u00daCUTA.-<\/strong> \u201c\u00bfSi un hombre hubiera sido elegido rector, se estar\u00edan tejiendo todas estas artima\u00f1as?\u201d, la pregunta la plante\u00f3 \u00a0Claudia Elizabeth Toloza Mart\u00ednez, rectora electa de la Universidad Francisco de Paula Santander. Y formul\u00f3 la inquietud, porque desde que asumi\u00f3 la candidatura \u201che sido denunciada y protagonista de una campa\u00f1a de desinformaci\u00f3n, desprestigio y calumnias\u201d.<\/p>\n<p>En comunicado de prensa, denunci\u00f3 que \u201chan querido mimetizarme en la figura del rector saliente de la universidad (H\u00e9ctor Parra)\u201d y dijo que se han referido de manera descort\u00e9s a lo que es y de las acciones que desarroll\u00f3 en la campa\u00f1a para la consulta democr\u00e1tica.<\/p>\n<p>La criticaron \u201cpor reafirmar mi condici\u00f3n de mujer como un elemento importante de la nueva gerencia en nuestra Alma Mater\u201d. A los contradictores les respondi\u00f3 que \u201ctodos estos embates, desinformaci\u00f3n, desconocimiento de mis capacidades, de mis competencias y de mi gran capacidad de trabajo comprometido y honesto por la UFPS desde mi ingreso, los he asumido estoicamente reconociendo, pero no aceptando, las consecuencias que implican aspirar dentro de una cultura machista al mayor cargo de direcci\u00f3n en la UFPS\u201d.<\/p>\n<p>El Consejo Superior Universitario,\u00a0 seg\u00fan el Acuerdo 039 de 2015, dispuso la designaci\u00f3n de \u00a0Claudia Toloza como rectora de la instituci\u00f3n para el periodo 2015 \u2013 2018. La decisi\u00f3n adquiere firmeza el \u00a031 de julio, de acuerdo con el cumplimiento de los t\u00e9rminos de ley establecidos posterior a las reposiciones y reclamaciones del proceso de elecci\u00f3n. El aplazamiento de la posesi\u00f3n no se debe a las denuncias interpuestas por Carlos Bol\u00edvar.<\/p>\n<p>\u201cSe han dado todas las garant\u00edas sobre el proceso de designaci\u00f3n, pero en los medios de comunicaci\u00f3n y en las redes sociales contin\u00faa la campa\u00f1a de desprestigio, de desinformaci\u00f3n, de desconocimiento de la propuesta rectoral de Claudia Toloza Mart\u00ednez para la UFPS\u201d, se\u00f1al\u00f3 la rectora.<\/p>\n<p>El Consejo Superior, presidido por Jorge Enrique Pinz\u00f3n, estudio cada una de las demandas interpuestas por el abogado Luis Arturo Melo y el estudiante Carlos Bol\u00edvar y en los acuerdos 051 y 052 decidi\u00f3 \u201cno reponer\u201d y \u201cno revocar\u201d el contenido del Acuerdo 039 del 10 de julio, mediante el cual se design\u00f3 a Claudia Toloza como rectora. Y \u201cno acceder a las dem\u00e1s pretensiones formuladas en el recurso\u201d<\/p>\n<p>\u201cLa verdad, me pregunto \u00bfsi un hombre hubiera sido elegido rector, se estar\u00edan tejiendo todas estas artima\u00f1as? \u00bfO es que la condici\u00f3n de mujer sigue siendo condenada desde la supuesta debilidad para la agresi\u00f3n y la violencia psicol\u00f3gica?\u201d, dijo la rectora Toloza en el comunicado difundido por correo electr\u00f3nico.<\/p>\n<p>Mientras se cumplan los t\u00e9rminos de acuerdo a las reposiciones y reclamaciones del proceso de elecci\u00f3n el Consejo Superior design\u00f3 a Sandra Ortega Sierra en la rector\u00eda de la UFPS.<\/p>\n<p>El abogado Melo D\u00edaz se mostr\u00f3 contario a las decisiones del \u00f3rgano superior universitario y anunci\u00f3 que habr\u00e1 otras demandas.<\/p>\n<p>\u201cHoy m\u00e1s que nunca tenemos muchos retos en nuestra universidad, siendo la acreditaci\u00f3n de alta calidad una de las metas que jalonar\u00e1 diferentes procesos acad\u00e9micos\u201d, concluy\u00f3 Claudia Toloza el mensaje enviado a estudiantes, docentes y administrativos de \u00a0la Universidad, la Universidad Francisco de Paula Santander.<\/p>\n<p><strong>Foto:\u00a0fodesep.gov.co<\/strong><\/p>\n<p>&nbsp;<\/p>\n<p>&nbsp; <\/p>\n","protected":false},"excerpt":{"rendered":"<p>C\u00daCUTA.- \u201c\u00bfSi un hombre hubiera sido elegido rector, se estar\u00edan tejiendo todas estas artima\u00f1as?\u201d, la pregunta la plante\u00f3 \u00a0Claudia Elizabeth Toloza Mart\u00ednez, rectora electa de la Universidad Francisco de Paula Santander. Y formul\u00f3 la inquietud, porque desde que asumi\u00f3 la candidatura \u201che sido denunciada y protagonista de una campa\u00f1a de desinformaci\u00f3n, desprestigio y calumnias\u201d. En &hellip;<\/p>\n","protected":false},"author":1,"featured_media":24778,"comment_status":"open","ping_status":"open","sticky":false,"template":"","format":"standard","meta":{"footnotes":""},"categories":[74,32],"tags":[2427,229,336],"class_list":["post-24777","post","type-post","status-publish","format-standard","has-post-thumbnail","hentry","category-aula-universitaria","category-recorrido-por-la-region","tag-rectora-claudia-toloza","tag-ufps","tag-universidad-francisco-de-paula-santander"],"_links":{"self":[{"href":"https:\/\/contraluzcucuta.co\/index.php?rest_route=\/wp\/v2\/posts\/24777","targetHints":{"allow":["GET"]}}],"collection":[{"href":"https:\/\/contraluzcucuta.co\/index.php?rest_route=\/wp\/v2\/posts"}],"about":[{"href":"https:\/\/contraluzcucuta.co\/index.php?rest_route=\/wp\/v2\/types\/post"}],"author":[{"embeddable":true,"href":"https:\/\/contraluzcucuta.co\/index.php?rest_route=\/wp\/v2\/users\/1"}],"replies":[{"embeddable":true,"href":"https:\/\/contraluzcucuta.co\/index.php?rest_route=%2Fwp%2Fv2%2Fcomments&post=24777"}],"version-history":[{"count":1,"href":"https:\/\/contraluzcucuta.co\/index.php?rest_route=\/wp\/v2\/posts\/24777\/revisions"}],"predecessor-version":[{"id":24779,"href":"https:\/\/contraluzcucuta.co\/index.php?rest_route=\/wp\/v2\/posts\/24777\/revisions\/24779"}],"wp:featuredmedia":[{"embeddable":true,"href":"https:\/\/contraluzcucuta.co\/index.php?rest_route=\/wp\/v2\/media\/24778"}],"wp:attachment":[{"href":"https:\/\/contraluzcucuta.co\/index.php?rest_route=%2Fwp%2Fv2%2Fmedia&parent=24777"}],"wp:term":[{"taxonomy":"category","embeddable":true,"href":"https:\/\/contraluzcucuta.co\/index.php?rest_route=%2Fwp%2Fv2%2Fcategories&post=24777"},{"taxonomy":"post_tag","embeddable":true,"href":"https:\/\/contraluzcucuta.co\/index.php?rest_route=%2Fwp%2Fv2%2Ftags&post=24777"}],"curies":[{"name":"wp","href":"https:\/\/api.w.org\/{rel}","templated":true}]}}