{"id":24774,"date":"2015-07-29T16:17:33","date_gmt":"2015-07-29T21:17:33","guid":{"rendered":"http:\/\/contraluzcucuta.co\/?p=24774"},"modified":"2015-07-31T14:37:49","modified_gmt":"2015-07-31T19:37:49","slug":"informe-especial-musicos-callejeros-del-arte-a-la-caridad","status":"publish","type":"post","link":"https:\/\/contraluzcucuta.co\/?p=24774","title":{"rendered":"INFORME ESPECIAL. M\u00fasicos callejeros \u00bfdel arte a la caridad?"},"content":{"rendered":"<p><strong>C\u00daCUTA.-<\/strong> \u201cSi les prestara mi cuatro a mil personas, mil personas tendr\u00edan que saber tocarlo para hacer lo que hago en la calle, mil personas tendr\u00edan que saber cantar la misma canci\u00f3n o una mejor a la que canto\u201d. As\u00ed defiende su trabajo Darwin G\u00f3mez, venezolano de 20 a\u00f1os que emigr\u00f3 en b\u00fasqueda de mejores oportunidades laborales.<\/p>\n<p>Los m\u00fasicos callejeros convierten su arte en filosof\u00eda de vida. El inicio de esta modalidad se remonta a la d\u00e9cada de los 50, cuando los j\u00f3venes americanos rechazaron la guerra y salieron a las calles a protestar en favor de la paz. En la actualidad son muchos los que ejercen este oficio.<\/p>\n<p>G\u00f3mez, o \u2018Viscu\u2019, como le dicen los amigos, desde joven decidi\u00f3 que la m\u00fasica ser\u00eda su estilo de vida. A los 10 a\u00f1os, recibi\u00f3 una guitarra y empez\u00f3 a instruirse de manera emp\u00edrica. Posterior a ese aprendizaje interpret\u00f3 canciones en fiestas de celebraci\u00f3n de 15 a\u00f1os y en reuniones familiares.<\/p>\n<p>Daniel Leal, es otro artista callejero. Los padres permitieron que recibiera clases de diversos instrumentos. El conocimiento adquirido en una academia, en Caracas, lo capacit\u00f3 para ejercer el trabajo. El joven de 18 a\u00f1os desisti\u00f3 de los estudios al conocer a G\u00f3mez, quien le propuso trabajar juntos en C\u00facuta. Desde entonces tocan en busetas, parques y andenes de la capital nortesantandereana. Leal y G\u00f3mez tienen inconvenientes, como todos los compa\u00f1eros de trabajo, al no obedecer al despertador.<\/p>\n<p>Cuando Rita Garc\u00eda y Antoni M\u00e9ndez no obtienen el dinero esperado atribuyen las pocas ganancias a la hora de inicio de trabajo. Tratan de comenzar a las 7:00 de la ma\u00f1ana. \u201cAl que madruga Dios lo ayuda. Lo primero que hacemos es trabajar, buscamos el dinero y despu\u00e9s desayunamos\u201d.<\/p>\n<p>Se esfuerzan en las presentaciones para agradar al p\u00fablico. En una ocasi\u00f3n, Leal se baj\u00f3 de la buseta sin recibir aplausos, por eso asegur\u00f3 que \u201cel cucute\u00f1o es exigente\u201d. El desempe\u00f1o en el trabajo lo mide con las expresiones de los espectadores.<\/p>\n<p>G\u00f3mez critic\u00f3 los prejuicios que tienen de ellos. \u201cLa gente es cerrada. Te mira como si fueras basura\u201d. Leal continu\u00f3: \u201cson ap\u00e1ticos y problem\u00e1ticos. Uno les dice \u2018hermano, nos deja tocar m\u00fasica\u2019 y dicen que no. Minutos despu\u00e9s llega un chirrete que les da rollo a los pasajeros y a ese le dicen que s\u00ed. Uno al menos lleva un mensaje en las canciones\u201d.<\/p>\n<p>\u201cEn nuestro caso deber\u00edan apoyarnos, porque lo hacemos para grabar Realidad Brupta\u201d, argument\u00f3 M\u00e9ndez. El hombre de 29 a\u00f1os y su compa\u00f1era Garc\u00eda tienen como objetivo producir un disco en Ecuador. Los int\u00e9rpretes de jazz, blues y reggae esperan recaudar pronto el dinero necesario para el viaje.<\/p>\n<p>\u201cCuando est\u00e1bamos en 11 montamos dos temitas y nos subimos a una buseta\u201d, relat\u00f3 Daniel Baena y Brayan Cabeza. Ese d\u00eda recaudaron $ 700. Los universitarios sienten admiraci\u00f3n y respeto por los artistas callejeros. Cantan en el trasporte p\u00fablico cada vez que el tiempo se lo permite.<\/p>\n<p>Garc\u00eda y M\u00e9ndez ganan entre $ 80.000 y $ 120.000 diarios. El salario m\u00ednimo legal vigente por d\u00eda de trabajo es de $ 21.478. La trabajadora formal Ang\u00e9lica G\u00f3mez dijo que \u201ces preferible ganar un sueldo m\u00ednimo y contar con prima, cobertura de salud, vacaciones y fondo de ahorro\u201d.<\/p>\n<p>El conductor de buseta Gustavo Rivera sostuvo que \u201clos m\u00fasicos callejeros ganan m\u00e1s que uno. Son artistas, pero nadie les da la oportunidad, por eso uno tiene que dejarlos que trabajen ah\u00ed, que se rebusquen tambi\u00e9n\u201d. El gremio, en ocasiones, no los apoya. Carlos Figueroa dijo que \u201ca veces no los dejo subir, porque obstaculizan el paso. La buseta es peque\u00f1a y los pasajeros se incomodan\u201d.<\/p>\n<p>\u201cLa felicidad de ver sonre\u00edr a miles de personas gracias a tu trabajo es lo que los m\u00fasicos callejeros tenemos en com\u00fan\u201d, afirm\u00f3 Leal. El joven se opone a que los cucute\u00f1os vean su trabajo como caridad. \u201cS\u00e9 que parece as\u00ed, pero no lo es. Esto es un trabajo como cualquier otro. El dinero es por lo que s\u00e9 hacer, no me monto en una buseta a inventar el cuento del a\u00f1o\u201d.<\/p>\n<p><strong>DIEGO\u00a0 V\u00c1SQUEZ &#8211; SANDRA RODR\u00cdGUEZ &#8211; VIANY HERN\u00c1NDEZ<\/strong><\/p>\n<p><strong>Estudiantes de Comunicaci\u00f3n Social<\/strong><\/p>\n<p><strong>Universidad de Pamplona<\/strong><\/p>\n<p><strong>Campus de Villa del Rosario<\/strong><\/p>\n<p><strong>Foto:<\/strong> <strong>panoramio.com<\/strong><\/p>\n<p>&nbsp;<\/p>\n<p>&nbsp; <\/p>\n","protected":false},"excerpt":{"rendered":"<p>C\u00daCUTA.- \u201cSi les prestara mi cuatro a mil personas, mil personas tendr\u00edan que saber tocarlo para hacer lo que hago en la calle, mil personas tendr\u00edan que saber cantar la misma canci\u00f3n o una mejor a la que canto\u201d. As\u00ed defiende su trabajo Darwin G\u00f3mez, venezolano de 20 a\u00f1os que emigr\u00f3 en b\u00fasqueda de mejores &hellip;<\/p>\n","protected":false},"author":1,"featured_media":24775,"comment_status":"open","ping_status":"open","sticky":false,"template":"","format":"standard","meta":{"footnotes":""},"categories":[74,10,36],"tags":[2426,719,161],"class_list":["post-24774","post","type-post","status-publish","format-standard","has-post-thumbnail","hentry","category-aula-universitaria","category-cronicas","category-la-voz-del-pueblo","tag-musicos-callejeros","tag-unipamplona","tag-universidad-de-pamplona"],"_links":{"self":[{"href":"https:\/\/contraluzcucuta.co\/index.php?rest_route=\/wp\/v2\/posts\/24774","targetHints":{"allow":["GET"]}}],"collection":[{"href":"https:\/\/contraluzcucuta.co\/index.php?rest_route=\/wp\/v2\/posts"}],"about":[{"href":"https:\/\/contraluzcucuta.co\/index.php?rest_route=\/wp\/v2\/types\/post"}],"author":[{"embeddable":true,"href":"https:\/\/contraluzcucuta.co\/index.php?rest_route=\/wp\/v2\/users\/1"}],"replies":[{"embeddable":true,"href":"https:\/\/contraluzcucuta.co\/index.php?rest_route=%2Fwp%2Fv2%2Fcomments&post=24774"}],"version-history":[{"count":1,"href":"https:\/\/contraluzcucuta.co\/index.php?rest_route=\/wp\/v2\/posts\/24774\/revisions"}],"predecessor-version":[{"id":24776,"href":"https:\/\/contraluzcucuta.co\/index.php?rest_route=\/wp\/v2\/posts\/24774\/revisions\/24776"}],"wp:featuredmedia":[{"embeddable":true,"href":"https:\/\/contraluzcucuta.co\/index.php?rest_route=\/wp\/v2\/media\/24775"}],"wp:attachment":[{"href":"https:\/\/contraluzcucuta.co\/index.php?rest_route=%2Fwp%2Fv2%2Fmedia&parent=24774"}],"wp:term":[{"taxonomy":"category","embeddable":true,"href":"https:\/\/contraluzcucuta.co\/index.php?rest_route=%2Fwp%2Fv2%2Fcategories&post=24774"},{"taxonomy":"post_tag","embeddable":true,"href":"https:\/\/contraluzcucuta.co\/index.php?rest_route=%2Fwp%2Fv2%2Ftags&post=24774"}],"curies":[{"name":"wp","href":"https:\/\/api.w.org\/{rel}","templated":true}]}}