{"id":24770,"date":"2015-07-29T15:44:00","date_gmt":"2015-07-29T20:44:00","guid":{"rendered":"http:\/\/contraluzcucuta.co\/?p=24770"},"modified":"2015-07-31T14:21:33","modified_gmt":"2015-07-31T19:21:33","slug":"prevencion-urbana-campana-para-recuperacion-de-parques-emblematicos","status":"publish","type":"post","link":"https:\/\/contraluzcucuta.co\/?p=24770","title":{"rendered":"PREVENCI\u00d3N URBANA. Campa\u00f1a para recuperaci\u00f3n de parques emblem\u00e1ticos"},"content":{"rendered":"<p><strong>C\u00daCUTA.-<\/strong> En los parques La Victoria (Col\u00f3n), Mercedes \u00c1brego y Nacional, sitios insignias de la tradici\u00f3n y la historia de C\u00facuta, se puso en marcha una campa\u00f1a para recuperar la tranquilidad. Para alcanzar este objetivo el sector privado, los comerciantes, los establecimientos educativos ubicados en sus entornos, las autoridades locales y la comunidad se unieron en una alianza estrat\u00e9gica.<\/p>\n<p>La finalidad del trabajo conjunto es mejorar las condiciones de seguridad y de convivencia en los tres parques emblem\u00e1ticos. El esquema integral de acciones preventivas y operativas permitir\u00e1 blindar las zonas verdes de la comisi\u00f3n de conductas delictivas y acciones que afecten el normal desarrollo de las actividades propias de los espacios p\u00fablicos.<\/p>\n<p>El proyecto le apunta a cambiarles la cara a los parques y comenz\u00f3 con la asignaci\u00f3n de tres oficiales de la polic\u00eda, que ser\u00e1n los padrinos y l\u00edderes de cada actividad desplegada para cumplir en poco tiempo con el objetivo programado.<\/p>\n<p>En reuniones previas con los l\u00edderes comunales se analiza el panorama de cada sector para identificar los problemas y dise\u00f1ar estrat\u00e9gicas encaminadas a solucionarlos.<\/p>\n<p>Los objetivos de la campa\u00f1a son:<\/p>\n<p>1.- Contrarrestar el hurto callejero y el tr\u00e1fico de sustancias estupefacientes en peque\u00f1as cantidades<\/p>\n<p>2.- Recuperar el espacio p\u00fablico ocupado por los vendedores informales y la presencia de habitantes en estado de calle.<\/p>\n<p>3.- Desarrollar jornadas de limpieza, recolecci\u00f3n de basuras, ornato, poda de \u00e1rboles y embellecimiento. Las basuras y el estado de abandono \u00a0favorecen la presencia de la delincuencia<\/p>\n<p>4.- Trabajar en la habilitaci\u00f3n de las fuentes de agua, la iluminaci\u00f3n, la restauraci\u00f3n de los monumentos, la instalaci\u00f3n de banderas, la ubicaci\u00f3n de canecas para el dep\u00f3sito de basuras y dem\u00e1s acciones que conlleven a mejorar la imagen.<\/p>\n<p>Para rescatar el valor cultural y tradicional de los parques se pretende, peri\u00f3dicamente, adelantar actividades l\u00fadico \u2013 educativas que vinculen a la comunidad en torno al cine al parque, la lectura y el esparcimiento.<\/p>\n<p>Para fomentar la cultura de apoyo se llevan a cabo actividades pedag\u00f3gicas con la puesta en escena de mimos, obras teatrales y distribuci\u00f3n de mensajes claves para ser buen ciudadano, ayudar a los dem\u00e1s, respetar la autoridad, cuidar el medio ambiente, solidaridad, confianza y no maltratar.<\/p>\n<p>En cumplimiento de la Pol\u00edtica de Seguridad Ciudadana del Gobierno, la Polic\u00eda Metropolitana de C\u00facuta (Mecuc) fortalece las alianzas estrat\u00e9gicas con la comunidad y las autoridades locales con el objetivo de erradicar los focos de inseguridad de los parques y las zonas verdes de la capital nortesantandereana.<\/p>\n<p><strong>Foto: PRENSA MECUC<\/strong><\/p>\n<p>&nbsp;<\/p>\n<p>&nbsp;<\/p>\n<p>&nbsp; <\/p>\n","protected":false},"excerpt":{"rendered":"<p>C\u00daCUTA.- En los parques La Victoria (Col\u00f3n), Mercedes \u00c1brego y Nacional, sitios insignias de la tradici\u00f3n y la historia de C\u00facuta, se puso en marcha una campa\u00f1a para recuperar la tranquilidad. Para alcanzar este objetivo el sector privado, los comerciantes, los establecimientos educativos ubicados en sus entornos, las autoridades locales y la comunidad se unieron &hellip;<\/p>\n","protected":false},"author":1,"featured_media":24771,"comment_status":"open","ping_status":"open","sticky":false,"template":"","format":"standard","meta":{"footnotes":""},"categories":[11,10,6],"tags":[2424,2425,981],"class_list":["post-24770","post","type-post","status-publish","format-standard","has-post-thumbnail","hentry","category-cronica-roja","category-cronicas","category-ojo-avizor","tag-parque-colon","tag-parque-mercedes-abrego","tag-parque-nacional"],"_links":{"self":[{"href":"https:\/\/contraluzcucuta.co\/index.php?rest_route=\/wp\/v2\/posts\/24770","targetHints":{"allow":["GET"]}}],"collection":[{"href":"https:\/\/contraluzcucuta.co\/index.php?rest_route=\/wp\/v2\/posts"}],"about":[{"href":"https:\/\/contraluzcucuta.co\/index.php?rest_route=\/wp\/v2\/types\/post"}],"author":[{"embeddable":true,"href":"https:\/\/contraluzcucuta.co\/index.php?rest_route=\/wp\/v2\/users\/1"}],"replies":[{"embeddable":true,"href":"https:\/\/contraluzcucuta.co\/index.php?rest_route=%2Fwp%2Fv2%2Fcomments&post=24770"}],"version-history":[{"count":1,"href":"https:\/\/contraluzcucuta.co\/index.php?rest_route=\/wp\/v2\/posts\/24770\/revisions"}],"predecessor-version":[{"id":24772,"href":"https:\/\/contraluzcucuta.co\/index.php?rest_route=\/wp\/v2\/posts\/24770\/revisions\/24772"}],"wp:featuredmedia":[{"embeddable":true,"href":"https:\/\/contraluzcucuta.co\/index.php?rest_route=\/wp\/v2\/media\/24771"}],"wp:attachment":[{"href":"https:\/\/contraluzcucuta.co\/index.php?rest_route=%2Fwp%2Fv2%2Fmedia&parent=24770"}],"wp:term":[{"taxonomy":"category","embeddable":true,"href":"https:\/\/contraluzcucuta.co\/index.php?rest_route=%2Fwp%2Fv2%2Fcategories&post=24770"},{"taxonomy":"post_tag","embeddable":true,"href":"https:\/\/contraluzcucuta.co\/index.php?rest_route=%2Fwp%2Fv2%2Ftags&post=24770"}],"curies":[{"name":"wp","href":"https:\/\/api.w.org\/{rel}","templated":true}]}}