{"id":24761,"date":"2015-07-27T19:10:36","date_gmt":"2015-07-28T00:10:36","guid":{"rendered":"http:\/\/contraluzcucuta.co\/?p=24761"},"modified":"2015-07-27T19:10:36","modified_gmt":"2015-07-28T00:10:36","slug":"candidata-a-la-gobernacion-inicia-un-trabajo-incansable-por-norte-de-santander","status":"publish","type":"post","link":"https:\/\/contraluzcucuta.co\/?p=24761","title":{"rendered":"CANDIDATA A LA GOBERNACI\u00d3N. Inicia un trabajo incansable por Norte de Santander"},"content":{"rendered":"<p><strong>C\u00daCUTA.-<\/strong> La candidata a la Gobernaci\u00f3n por el Centro Democr\u00e1tico, Milla Patricia Romero, \u00a0bas\u00f3 el programa de gobierno en tres ejes fundamentales, desarrollo humano, generaci\u00f3n de empleo e infraestructura. Esta ser\u00e1 la herramienta principal para sacar a Norte de Santander de la crisis que afronta en materia de seguridad y econom\u00eda.<\/p>\n<p>El senador \u00c1lvaro Uribe, desde \u00a0Bogot\u00e1, envi\u00f3 un mensaje de respaldo al proyecto pol\u00edtico. Dijo que Milla Romero representa las virtudes de la mujer colombiana, el hogar, la integridad, el civismo, la disposici\u00f3n de servir por igual a los nortesantandereanos.<\/p>\n<p>\u201cRepresenta los valores del Centro Democr\u00e1tico, mano firme para garantizar la seguridad, para que el narcotr\u00e1fico no asedie los colegios de Norte de Santander, para proteger a j\u00f3venes y adolescentes, manos pulcras para el manejo con trasparencia y austeridad los recursos del departamento.<\/p>\n<p>\u201cMilla representa una mente clara para trabajar con independencia por la soluci\u00f3n de los grandes problemas de Norte de Santander y un coraz\u00f3n grande para trabajar por la educaci\u00f3n, por la salud, por los trabajadores, por los empresarios\u201d.<\/p>\n<p><strong>Foto: PRENSA DE LA CAMPA\u00d1A<\/strong><\/p>\n<p>&nbsp; <\/p>\n","protected":false},"excerpt":{"rendered":"<p>C\u00daCUTA.- La candidata a la Gobernaci\u00f3n por el Centro Democr\u00e1tico, Milla Patricia Romero, \u00a0bas\u00f3 el programa de gobierno en tres ejes fundamentales, desarrollo humano, generaci\u00f3n de empleo e infraestructura. Esta ser\u00e1 la herramienta principal para sacar a Norte de Santander de la crisis que afronta en materia de seguridad y econom\u00eda. El senador \u00c1lvaro Uribe, &hellip;<\/p>\n","protected":false},"author":1,"featured_media":24762,"comment_status":"open","ping_status":"open","sticky":false,"template":"","format":"standard","meta":{"footnotes":""},"categories":[9],"tags":[2205,2331],"class_list":["post-24761","post","type-post","status-publish","format-standard","has-post-thumbnail","hentry","category-politica","tag-candidata-a-la-gobernacion","tag-milla-patricia-romero"],"_links":{"self":[{"href":"https:\/\/contraluzcucuta.co\/index.php?rest_route=\/wp\/v2\/posts\/24761","targetHints":{"allow":["GET"]}}],"collection":[{"href":"https:\/\/contraluzcucuta.co\/index.php?rest_route=\/wp\/v2\/posts"}],"about":[{"href":"https:\/\/contraluzcucuta.co\/index.php?rest_route=\/wp\/v2\/types\/post"}],"author":[{"embeddable":true,"href":"https:\/\/contraluzcucuta.co\/index.php?rest_route=\/wp\/v2\/users\/1"}],"replies":[{"embeddable":true,"href":"https:\/\/contraluzcucuta.co\/index.php?rest_route=%2Fwp%2Fv2%2Fcomments&post=24761"}],"version-history":[{"count":1,"href":"https:\/\/contraluzcucuta.co\/index.php?rest_route=\/wp\/v2\/posts\/24761\/revisions"}],"predecessor-version":[{"id":24763,"href":"https:\/\/contraluzcucuta.co\/index.php?rest_route=\/wp\/v2\/posts\/24761\/revisions\/24763"}],"wp:featuredmedia":[{"embeddable":true,"href":"https:\/\/contraluzcucuta.co\/index.php?rest_route=\/wp\/v2\/media\/24762"}],"wp:attachment":[{"href":"https:\/\/contraluzcucuta.co\/index.php?rest_route=%2Fwp%2Fv2%2Fmedia&parent=24761"}],"wp:term":[{"taxonomy":"category","embeddable":true,"href":"https:\/\/contraluzcucuta.co\/index.php?rest_route=%2Fwp%2Fv2%2Fcategories&post=24761"},{"taxonomy":"post_tag","embeddable":true,"href":"https:\/\/contraluzcucuta.co\/index.php?rest_route=%2Fwp%2Fv2%2Ftags&post=24761"}],"curies":[{"name":"wp","href":"https:\/\/api.w.org\/{rel}","templated":true}]}}