{"id":24755,"date":"2015-07-27T18:10:44","date_gmt":"2015-07-27T23:10:44","guid":{"rendered":"http:\/\/contraluzcucuta.co\/?p=24755"},"modified":"2015-07-27T18:10:44","modified_gmt":"2015-07-27T23:10:44","slug":"gestion-de-riesgos-alerta-amarilla-en-pamplona-por-temporada-de-lluvias","status":"publish","type":"post","link":"https:\/\/contraluzcucuta.co\/?p=24755","title":{"rendered":"GESTI\u00d3N DE RIESGOS. Alerta amarilla en Pamplona, por temporada de lluvias"},"content":{"rendered":"<p><strong>PAMPLONA \u2013 Norte de Santander.-<\/strong> Luego de analizar la situaci\u00f3n por la primera temporada de lluvias de las veredas de Negavita, La Uni\u00f3n y Tencal\u00e1, el Comit\u00e9 de Gesti\u00f3n de Riesgo declar\u00f3 la alerta amarilla, en Pamplona. Delegados del Instituto Nacional de V\u00edas Departamental y del Comit\u00e9 de Gesti\u00f3n del Riesgo visitar\u00e1n los sitios cr\u00edticos del municipio.<\/p>\n<p>El Comit\u00e9 y las entidades departamentales analizar\u00e1n la posibilidad de decretar la calamidad p\u00fablica para atender con celeridad la situaci\u00f3n provocada por las lluvias. Entre las recomendaciones est\u00e1 el avisar a la oficina de Gesti\u00f3n de Riesgo en caso de ocurrir alguna situaci\u00f3n que revista peligro en el casco urbano y la zona rural.<\/p>\n<p>En la reuni\u00f3n participaron delegados del Hospital San Juan de Dios, Cuerpo de Bomberos, Defensa Civil, Polic\u00eda y Direcci\u00f3n Local de Salud, secretarios de despacho y l\u00edderes rurales de los sectores afectados.<\/p>\n<p>La oleada invernal que azota a Pamplona, \u00a0particularmente en la zona de influencia del r\u00edo Pamplonita y quebradas en las zonas de nacimiento y en otras fuentes h\u00eddricas puede producir desbordamientos e inundaciones que constituyen amenaza contra la vida humana y los bienes muebles e inmuebles.<\/p>\n<p>Las visitas previas \u00a0permitieron determinar el alto nivel de las fuentes h\u00eddricas y el riesgo inminente para las viviendas construidas cerca a las m\u00e1rgenes y para algunos barrios ubicados en la parte alta de las monta\u00f1as que rodean el municipio.<\/p>\n<p>El Comit\u00e9 Local de Prevenci\u00f3n y Atenci\u00f3n de Desastres (Clopad) levant\u00f3 los primeros informes t\u00e9cnicos y un censo de poblaci\u00f3n \u00a0en alto riesgo de afectaci\u00f3n. Los problemas de mayor impacto ocurren en varios sitios del casco urbano y zonas rurales, espec\u00edficamente en bienes inmuebles de propiedad privada, viviendas que debido al material de construcci\u00f3n, la antig\u00fcedad y el deterioro amenazan ruina.<\/p>\n<p>El alcalde Carlos Arturo Bustos declar\u00f3 la alerta amarilla, por temporada de lluvias, en toda la jurisdicci\u00f3n del municipio. El objetivo es mantener listos los equipos de socorro para atender cualquier emergencia. Tambi\u00e9n, decret\u00f3 las siguientes acciones para mantenerse a la expectativa:<\/p>\n<p>1.- Tomar las medidas provisionales adecuadas para garantizar la seguridad y la vida de los afectados en las zonas de alto riesgo y de quienes se encuentren en situaci\u00f3n de vulnerabilidad.<\/p>\n<p>2.- Ordenar a la red hospitalaria y a los organismos de socorro adoptar las medidas necesarias para prevenir y atender los desastres, estar en alerta y disponibles las 24 horas.<\/p>\n<p>3.- Conformar el Comit\u00e9 Interdisciplinario Transitorio con el Clopad, Cuerpo de Bomberos y Polic\u00eda para \u00a0ubicar puntos cr\u00edticos y definir los mecanismos de monitoreo, vigilancia, alerta m\u00e1xima y evaluaci\u00f3n, basados en censos y mapas de riesgo; \u00a0actualizar el inventario de recursos t\u00e9cnicos, econ\u00f3micos, log\u00edsticos, instalaciones e insumos de emergencia.<\/p>\n<p>4.- El Comit\u00e9 Interdisciplinario Transitorio deber\u00e1 reunirse y evaluar las zonas cr\u00edticas para evitar accidentes y llevar a cabo jornadas de sensibilizaci\u00f3n a la comunidad que habita en zonas de riesgo, en especial en las \u00e1reas aleda\u00f1as a las cuencas hidrogr\u00e1ficas y sectores inestables.<\/p>\n<p>5.- La Secretar\u00eda de Planeaci\u00f3n Municipal debe elaborar los informes t\u00e9cnicos con diagn\u00f3stico, soluciones, presupuestos, an\u00e1lisis de precios unitarios y documentos soportes, que cuantifiquen las necesidades para satisfacer para evitar o mitigar los riesgos que se puedan suscitar por la oleada invernal.<\/p>\n<p>6.- La Secretaria de Hacienda Municipal efectuar\u00e1 los traslados presupuestales y las erogaciones que demanden las medidas preventivas, coordinadas con el \u00c1rea de Prevenci\u00f3n y Atenci\u00f3n de Desastres.<\/p>\n<p><strong>Foto:<\/strong> <strong>panoramio.com<\/strong><\/p>\n<p><strong>\u00a0<\/strong> <\/p>\n","protected":false},"excerpt":{"rendered":"<p>PAMPLONA \u2013 Norte de Santander.- Luego de analizar la situaci\u00f3n por la primera temporada de lluvias de las veredas de Negavita, La Uni\u00f3n y Tencal\u00e1, el Comit\u00e9 de Gesti\u00f3n de Riesgo declar\u00f3 la alerta amarilla, en Pamplona. Delegados del Instituto Nacional de V\u00edas Departamental y del Comit\u00e9 de Gesti\u00f3n del Riesgo visitar\u00e1n los sitios cr\u00edticos &hellip;<\/p>\n","protected":false},"author":1,"featured_media":24756,"comment_status":"open","ping_status":"open","sticky":false,"template":"","format":"standard","meta":{"footnotes":""},"categories":[556,4],"tags":[2421,2422],"class_list":["post-24755","post","type-post","status-publish","format-standard","has-post-thumbnail","hentry","category-departamento","category-barra","tag-pamplona-colombia","tag-temporada-de-lluvias"],"_links":{"self":[{"href":"https:\/\/contraluzcucuta.co\/index.php?rest_route=\/wp\/v2\/posts\/24755","targetHints":{"allow":["GET"]}}],"collection":[{"href":"https:\/\/contraluzcucuta.co\/index.php?rest_route=\/wp\/v2\/posts"}],"about":[{"href":"https:\/\/contraluzcucuta.co\/index.php?rest_route=\/wp\/v2\/types\/post"}],"author":[{"embeddable":true,"href":"https:\/\/contraluzcucuta.co\/index.php?rest_route=\/wp\/v2\/users\/1"}],"replies":[{"embeddable":true,"href":"https:\/\/contraluzcucuta.co\/index.php?rest_route=%2Fwp%2Fv2%2Fcomments&post=24755"}],"version-history":[{"count":1,"href":"https:\/\/contraluzcucuta.co\/index.php?rest_route=\/wp\/v2\/posts\/24755\/revisions"}],"predecessor-version":[{"id":24757,"href":"https:\/\/contraluzcucuta.co\/index.php?rest_route=\/wp\/v2\/posts\/24755\/revisions\/24757"}],"wp:featuredmedia":[{"embeddable":true,"href":"https:\/\/contraluzcucuta.co\/index.php?rest_route=\/wp\/v2\/media\/24756"}],"wp:attachment":[{"href":"https:\/\/contraluzcucuta.co\/index.php?rest_route=%2Fwp%2Fv2%2Fmedia&parent=24755"}],"wp:term":[{"taxonomy":"category","embeddable":true,"href":"https:\/\/contraluzcucuta.co\/index.php?rest_route=%2Fwp%2Fv2%2Fcategories&post=24755"},{"taxonomy":"post_tag","embeddable":true,"href":"https:\/\/contraluzcucuta.co\/index.php?rest_route=%2Fwp%2Fv2%2Ftags&post=24755"}],"curies":[{"name":"wp","href":"https:\/\/api.w.org\/{rel}","templated":true}]}}