{"id":24751,"date":"2015-07-27T17:10:55","date_gmt":"2015-07-27T22:10:55","guid":{"rendered":"http:\/\/contraluzcucuta.co\/?p=24751"},"modified":"2015-07-29T19:26:01","modified_gmt":"2015-07-30T00:26:01","slug":"notas-al-margen-ante-el-surgir-de-una-nocion-y-vision-distintas-de-politica","status":"publish","type":"post","link":"https:\/\/contraluzcucuta.co\/?p=24751","title":{"rendered":"NOTAS AL MARGEN: Ante el surgir\u00a0 de una noci\u00f3n y visi\u00f3n distintas de pol\u00edtica"},"content":{"rendered":"<p>1.- El grado de despiste pragm\u00e1tico e\u00a0 ideol\u00f3gico entre la realidad, la consonancia pol\u00edtica y los anhelos de la gran mayor\u00eda del pueblo colombiano y, obviamente de la poblaci\u00f3n mundial, es verdaderamente impresionante y demostrativa, en grado tal que los dos grandes partidos que han existido desde los comienzos de nuestra vida institucional como naci\u00f3n hoy no convocan con el mismo \u00edmpetu y arraigo al pueblo\u00a0 y a sus masas liberales o conservadoras \u2013\u00a0 como, igualmente, ocurre en la mayor\u00eda de las naciones &#8211; porque han aflorado divisiones incuestionables y no existen liderazgos\u00a0 y premisas que fijaron y sustentaban idearios y\u00a0 presencias\u00a0 que determinaban, hasta el grado ocupacional y participativo de las contiendas y especialmente\u00a0 en los recuentos de votos, que identificaban, calificaban\u00a0 y titulaban a regiones, provincias, departamentos y localidades municipales o menores, porque la fuerza y el vigor del n\u00famero de votantes y de activos miembros son ahora distintos y diferentes en su expresi\u00f3n y registro, al que parec\u00eda existir en y durante\u00a0 los acontecimientos al t\u00e9rmino de la Independencia y en los comienzos formativos e impulsores de las contiendas entre quienes segu\u00edan los derroteros del libertador Sim\u00f3n Bol\u00edvar y las pautas o trazos de Francisco de Paula Santander, para aludir tan solo a los m\u00e1s prominentes voceros y exponentes de esas huellas y vivencias que\u00a0 sintetizan en acciones, hechos y registros la m\u00e1s variada composici\u00f3n del\u00a0 proceso hist\u00f3rico que dio referencia y marco a\u00a0 lo que fue y ha sido la formaci\u00f3n y la estructuraci\u00f3n institucional y pol\u00edtica de nuestra rep\u00fablica.<\/p>\n<p>2.- Un simple y r\u00e1pido enfoque a lo que fue y hoy representa la Gran Colombia \u2013 para seguir el ejemplo- es demostrativo irrecusable de las diferencias, variaciones y posturas socio pol\u00edticas y econ\u00f3micas que definen y precisan el entorno que hubo y el que ahora se desprende o insin\u00faa, si se examina la situaci\u00f3n dentro de una concepci\u00f3n de bloque\u00a0 o\u00a0 teniendo en cuenta que la idea y los prop\u00f3sitos de integraci\u00f3n y de mutua cooperaci\u00f3n\u00a0 que se plantearon\u00a0 en principio &#8211;\u00a0 si bien los pueblos las anhelan y siguen esperando &#8211;\u00a0 las manifestaciones socio pol\u00edticas y los hechos econ\u00f3micos han tomado unas caracter\u00edsticas y expectativas \u00a0que polarizan ubicaciones y perspectivas, pero ante y por circunstancias y\u00a0 hechos de origen y centralizaci\u00f3n diferentes a las que existieron al comienzo de los siglos 18 y 19 y con una gran significaci\u00f3n &#8211; en atenci\u00f3n y expectativas- sobre lo que ahora representa, proyecta y dinamiza la globalizaci\u00f3n del pensar y el actuar como dan testimonio las grandes potencias, con grupos y subgrupos, ante los retos y los desaf\u00edos que\u00a0 han proclamado las naciones y bloques territoriales y pol\u00edticos, que han surgido y obtenido :\u00a0 avances cient\u00edficos y ciertos dominios potenciales y manejos, en cuanto al\u00a0 control de las armas nucleares y el desarrollo de tecnolog\u00edas, que hoy preocupan a todo el planeta.<\/p>\n<p>3.- Creer hoy, que lo importante es\u00a0 A, B o C programas\u00a0 sobre determinada \u00e1rea, zona o lugar, sin evaluar los cambios, implicaciones y las operaciones y presiones que visualizan las trasformaciones\u00a0\u00a0 y las \u00a0primac\u00edas que est\u00e1 adquiriendo, el agua, la producci\u00f3n alimenticia\u00a0 planetaria para el consumo humano, la conquista del espacio y la irrupci\u00f3n y el avance permanente de temores justificados sobre \u00a0salud, educaci\u00f3n, justicia, equidad y complementaci\u00f3n general, que obligan a incuestionables giros de atenci\u00f3n mundial, es constatar que estamos penetrando en otras vivencias y\u00a0 que el proceso trasformador obliga y predispone a nuevas actitudes y fijaci\u00f3n de prioridades en el entorno planetario.<\/p>\n<p>Por todo lo sint\u00e9ticamente expuesto, es urgente y conveniente reconocer que se insin\u00faa\u00a0 una postura m\u00e1s inteligente y visionaria de lo que hay y ocurre en el planeta. Y, antes de que sea demasiado tarde, porque las presiones son evidentes, en los cuatro puntos cardinales y la naturaleza pareciera estar dando avisos de manera reiterada, constante y creciente.<\/p>\n<p><strong>JOS\u00c9 NEIRA REY<\/strong><\/p>\n<p><strong><a href=\"mailto:jneirarey@hotmail.com\">jneirarey@hotmail.com<\/a><\/strong><\/p>\n<p><strong>Foto: www.contraluzcucuta.co<\/strong> <\/p>\n","protected":false},"excerpt":{"rendered":"<p>1.- El grado de despiste pragm\u00e1tico e\u00a0 ideol\u00f3gico entre la realidad, la consonancia pol\u00edtica y los anhelos de la gran mayor\u00eda del pueblo colombiano y, obviamente de la poblaci\u00f3n mundial, es verdaderamente impresionante y demostrativa, en grado tal que los dos grandes partidos que han existido desde los comienzos de nuestra vida institucional como naci\u00f3n &hellip;<\/p>\n","protected":false},"author":1,"featured_media":24753,"comment_status":"open","ping_status":"open","sticky":false,"template":"","format":"standard","meta":{"footnotes":""},"categories":[14,32],"tags":[382,956],"class_list":["post-24751","post","type-post","status-publish","format-standard","has-post-thumbnail","hentry","category-articulistas","category-recorrido-por-la-region","tag-jose-neira","tag-notas-al-margen"],"_links":{"self":[{"href":"https:\/\/contraluzcucuta.co\/index.php?rest_route=\/wp\/v2\/posts\/24751","targetHints":{"allow":["GET"]}}],"collection":[{"href":"https:\/\/contraluzcucuta.co\/index.php?rest_route=\/wp\/v2\/posts"}],"about":[{"href":"https:\/\/contraluzcucuta.co\/index.php?rest_route=\/wp\/v2\/types\/post"}],"author":[{"embeddable":true,"href":"https:\/\/contraluzcucuta.co\/index.php?rest_route=\/wp\/v2\/users\/1"}],"replies":[{"embeddable":true,"href":"https:\/\/contraluzcucuta.co\/index.php?rest_route=%2Fwp%2Fv2%2Fcomments&post=24751"}],"version-history":[{"count":1,"href":"https:\/\/contraluzcucuta.co\/index.php?rest_route=\/wp\/v2\/posts\/24751\/revisions"}],"predecessor-version":[{"id":24754,"href":"https:\/\/contraluzcucuta.co\/index.php?rest_route=\/wp\/v2\/posts\/24751\/revisions\/24754"}],"wp:featuredmedia":[{"embeddable":true,"href":"https:\/\/contraluzcucuta.co\/index.php?rest_route=\/wp\/v2\/media\/24753"}],"wp:attachment":[{"href":"https:\/\/contraluzcucuta.co\/index.php?rest_route=%2Fwp%2Fv2%2Fmedia&parent=24751"}],"wp:term":[{"taxonomy":"category","embeddable":true,"href":"https:\/\/contraluzcucuta.co\/index.php?rest_route=%2Fwp%2Fv2%2Fcategories&post=24751"},{"taxonomy":"post_tag","embeddable":true,"href":"https:\/\/contraluzcucuta.co\/index.php?rest_route=%2Fwp%2Fv2%2Ftags&post=24751"}],"curies":[{"name":"wp","href":"https:\/\/api.w.org\/{rel}","templated":true}]}}