{"id":24748,"date":"2015-07-27T16:45:04","date_gmt":"2015-07-27T21:45:04","guid":{"rendered":"http:\/\/contraluzcucuta.co\/?p=24748"},"modified":"2015-07-29T17:35:20","modified_gmt":"2015-07-29T22:35:20","slug":"del-norte-bravos-hijos-hora-de-cambiar-la-guerra-en-el-himno-departamental","status":"publish","type":"post","link":"https:\/\/contraluzcucuta.co\/?p=24748","title":{"rendered":"DEL NORTE BRAVOS HIJOS. Hora de cambiar la \u2018guerra\u2019 en el himno departamental"},"content":{"rendered":"<p><strong>C\u00daCUTA.<\/strong> La banda de m\u00fasicos del departamento y el coro de alumnos del colegio Sagrado Coraz\u00f3n interpretaron por primera vez el himno de Norte de Santander. Ocurri\u00f3 el 12 de octubre de 1932, en la sede del plantel educativo. \u00a0\u00a0La letra la escribi\u00f3 Teodoro Guti\u00e9rrez Calder\u00f3n y la m\u00fasica la compuso el maestro Jos\u00e9 Rozo Contreras.<\/p>\n<p>Pr\u00f3ximo a cumplir 83 a\u00f1os, se propone una variaci\u00f3n en la tercera estrofa por cuanto uno de los t\u00e9rminos utilizados por el compositor no compagina con el sentir del pueblo en este tiempo. El maestro Rozo invoca y llama a la guerra, mientras que por estos d\u00edas el mayor anhelo de los colombianos es la paz.<\/p>\n<p>Bol\u00edvar cuyo genio,<\/p>\n<p>Nos dio su llamarada,<\/p>\n<p>La huella aqu\u00ed estampada<\/p>\n<p>Dej\u00f3 de su corcel.<\/p>\n<p>La tierra es nuestro oro,<\/p>\n<p>La paz es nuestro empe\u00f1o,<\/p>\n<p><strong>La guerra<\/strong> nuestro sue\u00f1o<\/p>\n<p>En busca del laurel.<\/p>\n<p>El proponente de este cambio, el promotor cultural Luis Eduardo Su\u00e1rez, explic\u00f3 que \u201cla guerra no es nuestro sue\u00f1o\u201d por lo que debe eliminarse esa palabra y en su lugar cantar:<\/p>\n<p>La tierra es nuestro oro,<\/p>\n<p>La paz es nuestro empe\u00f1o,<\/p>\n<p><strong>Por siempre<\/strong> nuestro sue\u00f1o<\/p>\n<p>En busca del laurel.<\/p>\n<p>La Ordenanza 08 del 27 de noviembre de 1978 dispone en el art\u00edculo s\u00e9ptimo la ense\u00f1anza del himno en los establecimientos educativos de Norte de Santander. \u201cAl no oficializarse en dicho mandato, es adoptado oficialmente seg\u00fan el decreto 182 del 29 de febrero de 1984\u201d, explic\u00f3 Su\u00e1rez Ram\u00edrez.<\/p>\n<p>Otra correcci\u00f3n que hizo el promotor cultural est\u00e1 relacionada con la quinta l\u00ednea de la primera estrofa. En la mayor\u00eda de las veces se canta:<\/p>\n<p><strong>Si es suya nuestra gloria<\/strong><\/p>\n<p>Y si \u00e9l nos hizo grandes,<\/p>\n<p>A lo ancho de los Andes<\/p>\n<p>Gritemos \u00a1Santander! (bis).<\/p>\n<p>\u201cEn la grabaci\u00f3n que hiciera del himno la Banda Nacional de Colombia, en 1975, dirigida por el maestro Jos\u00e9 Rozo Contreras, con el acompa\u00f1amiento de la coral de profesores del Distrito Especial de Bogot\u00e1 se canta: \u2018<strong>si nuestras son sus glorias<\/strong>\u2019, que seg\u00fan entendidos al respecto, es lo correcto\u201d, indic\u00f3 Luis Eduardo Su\u00e1rez.<\/p>\n<p>La correcci\u00f3n propuesta debe ser acogida por el gobernador Edgar D\u00edaz y presentar el proyecto de ordenanza a la Asamblea para que los diputados acojan o rechacen sacar del himno la guerra, por siempre, como es el sentir de los nortesantandereanos en la realidad.<\/p>\n<p><strong>Foto<\/strong>: <strong>flickr.com <\/strong><\/p>\n<p><strong>\u00a0<\/strong> <\/p>\n","protected":false},"excerpt":{"rendered":"<p>C\u00daCUTA. La banda de m\u00fasicos del departamento y el coro de alumnos del colegio Sagrado Coraz\u00f3n interpretaron por primera vez el himno de Norte de Santander. Ocurri\u00f3 el 12 de octubre de 1932, en la sede del plantel educativo. \u00a0\u00a0La letra la escribi\u00f3 Teodoro Guti\u00e9rrez Calder\u00f3n y la m\u00fasica la compuso el maestro Jos\u00e9 Rozo &hellip;<\/p>\n","protected":false},"author":1,"featured_media":24749,"comment_status":"open","ping_status":"open","sticky":false,"template":"","format":"standard","meta":{"footnotes":""},"categories":[6,37],"tags":[2419,2420],"class_list":["post-24748","post","type-post","status-publish","format-standard","has-post-thumbnail","hentry","category-ojo-avizor","category-paseo-cultural","tag-himno-de-norte-de-santander","tag-simbolos-patrios"],"_links":{"self":[{"href":"https:\/\/contraluzcucuta.co\/index.php?rest_route=\/wp\/v2\/posts\/24748","targetHints":{"allow":["GET"]}}],"collection":[{"href":"https:\/\/contraluzcucuta.co\/index.php?rest_route=\/wp\/v2\/posts"}],"about":[{"href":"https:\/\/contraluzcucuta.co\/index.php?rest_route=\/wp\/v2\/types\/post"}],"author":[{"embeddable":true,"href":"https:\/\/contraluzcucuta.co\/index.php?rest_route=\/wp\/v2\/users\/1"}],"replies":[{"embeddable":true,"href":"https:\/\/contraluzcucuta.co\/index.php?rest_route=%2Fwp%2Fv2%2Fcomments&post=24748"}],"version-history":[{"count":1,"href":"https:\/\/contraluzcucuta.co\/index.php?rest_route=\/wp\/v2\/posts\/24748\/revisions"}],"predecessor-version":[{"id":24750,"href":"https:\/\/contraluzcucuta.co\/index.php?rest_route=\/wp\/v2\/posts\/24748\/revisions\/24750"}],"wp:featuredmedia":[{"embeddable":true,"href":"https:\/\/contraluzcucuta.co\/index.php?rest_route=\/wp\/v2\/media\/24749"}],"wp:attachment":[{"href":"https:\/\/contraluzcucuta.co\/index.php?rest_route=%2Fwp%2Fv2%2Fmedia&parent=24748"}],"wp:term":[{"taxonomy":"category","embeddable":true,"href":"https:\/\/contraluzcucuta.co\/index.php?rest_route=%2Fwp%2Fv2%2Fcategories&post=24748"},{"taxonomy":"post_tag","embeddable":true,"href":"https:\/\/contraluzcucuta.co\/index.php?rest_route=%2Fwp%2Fv2%2Ftags&post=24748"}],"curies":[{"name":"wp","href":"https:\/\/api.w.org\/{rel}","templated":true}]}}