{"id":24742,"date":"2015-07-27T15:52:53","date_gmt":"2015-07-27T20:52:53","guid":{"rendered":"http:\/\/contraluzcucuta.co\/?p=24742"},"modified":"2015-07-29T15:52:18","modified_gmt":"2015-07-29T20:52:18","slug":"informe-preliminar-seis-candidatos-a-la-gobernacion-y-167-para-las-40-alcaldias","status":"publish","type":"post","link":"https:\/\/contraluzcucuta.co\/?p=24742","title":{"rendered":"INFORME PRELIMINAR. Seis candidatos a la Gobernaci\u00f3n y 167 para las 40 alcald\u00edas"},"content":{"rendered":"<p><strong>C\u00daCUTA.-<\/strong> Los nortesantandereanos tienen seis opciones para elegir, el 25 de octubre, al sucesor de Edgar D\u00edaz en la Gobernaci\u00f3n. Dos mujeres y cuatro hombres son los aspirantes a gobernar al departamento en los siguientes cuatro a\u00f1os. Tres de los candidatos tienen respaldo de partidos pol\u00edticos y tres hicieron coaliciones para recibir el aval.<\/p>\n<p>En la \u00faltima jornada de inscripci\u00f3n de c\u00e9dulas, en Norte de Santander cumplieron con ese requisito 172.509 ciudadanos. Desde el 25 de octubre de 2014, cuando inici\u00f3 el periodo de inscripci\u00f3n de c\u00e9dulas, 196.298 ciudadanos han adelantado el tr\u00e1mite con el fin de ejercer el derecho al voto cerca del lugar de residencia o para ingresar al censo electoral.<\/p>\n<p>Los candidatos a la Gobernaci\u00f3n de Norte de Santander son:<\/p>\n<p>1.- Juan Carlos Garc\u00eda-Herreros Cabrera, por el Partido Conservador<\/p>\n<p>2.- Judith Maldonado Mojica, por la coalici\u00f3n Uni\u00f3n Patri\u00f3tica \u2013 Polo Democr\u00e1tico<\/p>\n<p>3.- Giovanni Villamizar Laguado, por el partico Aico<\/p>\n<p>4.- William Villamizar Laguado, por la coalici\u00f3n Partido Liberal &#8211; Partido de la U<\/p>\n<p>5.- Ram\u00f3n El\u00ed T\u00e1mara, por el Partido Alianza Verde<\/p>\n<p>6.- Milla Patricia Romero Soto, por el Partido Centro Democr\u00e1tico.<\/p>\n<p>Un exgobernador, dos hermanos, un repitente en estas lides pol\u00edticas, una defensora de los derechos humanos y una excandidata al Congreso de la Rep\u00fablica conforman el abanico que se abre para los electores en el departamento.<\/p>\n<p>En C\u00facuta, nueve hombres se pararon en el partidor para iniciar la carrera en pos del palacio municipal y suceder en el cargo a Donamaris Ram\u00edrez. Blanca Cruz Gonz\u00e1lez no apareci\u00f3 en el listado oficial de la Registradur\u00eda. Es la segunda ocasi\u00f3n que hace el calentamiento y se queda en la l\u00ednea de largada.<\/p>\n<p>En la capital del departamento 127.935 ciudadanos inscribieron la c\u00e9dula en los 408 puestos de votaci\u00f3n habilitados para la jornada. De ahora en adelante quienes requieran cumplir este tr\u00e1mite podr\u00e1n hacerlo, hasta el 25 de agosto, en las sedes de la Registradur\u00eda.<\/p>\n<p>La Registradur\u00eda \u00a0recomend\u00f3 inscribir la c\u00e9dula quienes cambiaron el lugar de residencia de barrio, de ciudad o de departamento. Tambi\u00e9n, quienes tienen c\u00e9dula expedida antes de 1988 y no la han inscrito ni han votado en ninguna de las elecciones de los \u00faltimos 27 a\u00f1os, porque no hacen parte del censo electoral.<\/p>\n<p>Los candidatos a la Alcald\u00eda de C\u00facuta son:<\/p>\n<p>1.- David Francisco Castillo Calder\u00f3n, por el partido Alianza Verde<\/p>\n<p>2.- C\u00e9sar Omar Rojas Ayala, por el Partido Opci\u00f3n Ciudadana<\/p>\n<p>3.- Jairo Humberto Cristo Correa, por la coalici\u00f3n M\u00e1s Educaci\u00f3n \u2013 ASI<\/p>\n<p>4.- Jorge Enrique Acevedo Pe\u00f1aloza, por el Partido Cambio Radical<\/p>\n<p>5.- Carlos Eduardo Luna Romero, por la coalici\u00f3n Partido Liberal y Partido de la Ude octubre.<\/p>\n<p>6.- Rafael Humberto Romero Moreno, por el Partido Uni\u00f3n Patri\u00f3tica<\/p>\n<p>7.- Wilfredo Grajales, por el movimiento Maiz<\/p>\n<p>8.- Sergio Entrena L\u00f3pez, por el Partido Centro Democr\u00e1tico<\/p>\n<p>9.- Charles Arnulfo Torres Pati\u00f1o, por el Polo Democr\u00e1tico.<\/p>\n<p>El men\u00fa de los aspirantes a gobernar desde frente al parque Santander est\u00e1 servido. La sart\u00e9n la tienen por el mango los electores y dar\u00e1n el veredicto final el 25 de octubre.<\/p>\n<p>En la jornada del s\u00e1bado, en Norte de Santander se inscribieron 3590 candidatos, seg\u00fan datos preliminares de la Registradur\u00eda. De esos hombres y mujeres con alma pol\u00edtica 167 buscar\u00e1n las 40 alcald\u00edas del departamento, 106 procurar\u00e1n ocupar una de las 13 sillas dispuestas en la Asamblea, 2937 llenar\u00e1n las curules de los 40 concejos y 374 quieren ser voceros de las comunidades en las Juntas Administradoras Locales.<\/p>\n<p><strong>RAFAEL ANTONIO PAB\u00d3N<\/strong><\/p>\n<p><strong><a href=\"mailto:rafaelpabon58@hotmail.com\">rafaelpabon58@hotmail.com<\/a><\/strong><\/p>\n<p><strong>Foto:\u00a0vanguardia.com<\/strong><\/p>\n<p>&nbsp; <\/p>\n","protected":false},"excerpt":{"rendered":"<p>C\u00daCUTA.- Los nortesantandereanos tienen seis opciones para elegir, el 25 de octubre, al sucesor de Edgar D\u00edaz en la Gobernaci\u00f3n. Dos mujeres y cuatro hombres son los aspirantes a gobernar al departamento en los siguientes cuatro a\u00f1os. Tres de los candidatos tienen respaldo de partidos pol\u00edticos y tres hicieron coaliciones para recibir el aval. En &hellip;<\/p>\n","protected":false},"author":1,"featured_media":24743,"comment_status":"open","ping_status":"open","sticky":false,"template":"","format":"standard","meta":{"footnotes":""},"categories":[556,32],"tags":[2193,2053,2058,2060],"class_list":["post-24742","post","type-post","status-publish","format-standard","has-post-thumbnail","hentry","category-departamento","category-recorrido-por-la-region","tag-candidatos-a-la-alcaldia","tag-candidatos-a-la-gobernacion-de-norte-de-santander","tag-elecciones-2015","tag-registraduria-del-estado-civil"],"_links":{"self":[{"href":"https:\/\/contraluzcucuta.co\/index.php?rest_route=\/wp\/v2\/posts\/24742","targetHints":{"allow":["GET"]}}],"collection":[{"href":"https:\/\/contraluzcucuta.co\/index.php?rest_route=\/wp\/v2\/posts"}],"about":[{"href":"https:\/\/contraluzcucuta.co\/index.php?rest_route=\/wp\/v2\/types\/post"}],"author":[{"embeddable":true,"href":"https:\/\/contraluzcucuta.co\/index.php?rest_route=\/wp\/v2\/users\/1"}],"replies":[{"embeddable":true,"href":"https:\/\/contraluzcucuta.co\/index.php?rest_route=%2Fwp%2Fv2%2Fcomments&post=24742"}],"version-history":[{"count":2,"href":"https:\/\/contraluzcucuta.co\/index.php?rest_route=\/wp\/v2\/posts\/24742\/revisions"}],"predecessor-version":[{"id":24773,"href":"https:\/\/contraluzcucuta.co\/index.php?rest_route=\/wp\/v2\/posts\/24742\/revisions\/24773"}],"wp:featuredmedia":[{"embeddable":true,"href":"https:\/\/contraluzcucuta.co\/index.php?rest_route=\/wp\/v2\/media\/24743"}],"wp:attachment":[{"href":"https:\/\/contraluzcucuta.co\/index.php?rest_route=%2Fwp%2Fv2%2Fmedia&parent=24742"}],"wp:term":[{"taxonomy":"category","embeddable":true,"href":"https:\/\/contraluzcucuta.co\/index.php?rest_route=%2Fwp%2Fv2%2Fcategories&post=24742"},{"taxonomy":"post_tag","embeddable":true,"href":"https:\/\/contraluzcucuta.co\/index.php?rest_route=%2Fwp%2Fv2%2Ftags&post=24742"}],"curies":[{"name":"wp","href":"https:\/\/api.w.org\/{rel}","templated":true}]}}