{"id":24736,"date":"2015-07-26T11:46:23","date_gmt":"2015-07-26T16:46:23","guid":{"rendered":"http:\/\/contraluzcucuta.co\/?p=24736"},"modified":"2015-07-26T11:46:23","modified_gmt":"2015-07-26T16:46:23","slug":"candidata-a-la-gobernacion-esperanza-para-el-norte-y-el-norte-con-una-esperanza","status":"publish","type":"post","link":"https:\/\/contraluzcucuta.co\/?p=24736","title":{"rendered":"CANDIDATA A LA GOBERNACI\u00d3N. \u00a0&#8220;Esperanza para el Norte y el Norte con una Esperanza&#8221;"},"content":{"rendered":"<p><strong>C\u00daCUTA.-<\/strong> Judith Maldonado Mojica,\u00a0 abogada defensora de los derechos humanos, avalada por el Polo Democr\u00e1tico y la Uni\u00f3n Patri\u00f3tica, inscribi\u00f3 la candidatura\u00a0 para la Gobernaci\u00f3n de Norte de Santander. Acto, que se cumpli\u00f3 en la Delegaci\u00f3n de la Registradur\u00eda, la acompa\u00f1aron\u00a0 150 simpatizantes.<\/p>\n<p>Los ciudadanos llegaron de diversos municipios del departamento para participar en el recorrido desde la sede\u00a0 pol\u00edtica hasta la oficina donde efectu\u00f3 la inscripci\u00f3n, previo cumplimiento de los requisitos.<\/p>\n<p>Maldonado Mojica fue homenajeada\u00a0 por ni\u00f1os, j\u00f3venes, representantes de la tercera edad, comunidad LGTBI, mujeres trabajadoras, discapacitados, universitarios y campesinos.<\/p>\n<p>Recibi\u00f3 varios detalles considerados como el aval popular simb\u00f3lico para el mandato ciudadano. El pueblo cogobernar\u00e1 con la construcci\u00f3n del plan de gobierno elaborado para ejercer un gobierno popular y de esperanza para Norte de Santander.<\/p>\n<p>&#8220;Me siento contenta y agradecida con la gente que me acompa\u00f1\u00f3, Gente\u00a0 de Oca\u00f1a, Tib\u00fa, Pamplona, Gramalote y otros municipios lejanos que\u00a0 llegaron hasta ac\u00e1 a reiterarme ese aval\u00a0 que me hab\u00edan dado en las asambleas populares efectuadas con anterioridad y en donde me escogieron como su candidata\u201d, dijo Judith Maldonado.<\/p>\n<p>Ante el organismo electoral registr\u00f3 el programa de gobierno hecho por la gente para la gente, a partir de ahora viene la &#8220;Esperanza para el Norte y el Norte con una Esperanza&#8221;.<\/p>\n<p>Despu\u00e9s de la caminata por las calles principales de la ciudad, la candidata mont\u00f3 en bicicleta y emprendi\u00f3 el recorrido hasta el teatro Las Cascadas (El Malec\u00f3n), \u00a0acompa\u00f1ada por los simpatizantes.<\/p>\n<p>Foto: PRENSA DE LA CAMPA\u00d1A<\/p>\n<p>&nbsp; <\/p>\n","protected":false},"excerpt":{"rendered":"<p>C\u00daCUTA.- Judith Maldonado Mojica,\u00a0 abogada defensora de los derechos humanos, avalada por el Polo Democr\u00e1tico y la Uni\u00f3n Patri\u00f3tica, inscribi\u00f3 la candidatura\u00a0 para la Gobernaci\u00f3n de Norte de Santander. Acto, que se cumpli\u00f3 en la Delegaci\u00f3n de la Registradur\u00eda, la acompa\u00f1aron\u00a0 150 simpatizantes. Los ciudadanos llegaron de diversos municipios del departamento para participar en el &hellip;<\/p>\n","protected":false},"author":1,"featured_media":24737,"comment_status":"open","ping_status":"open","sticky":false,"template":"","format":"standard","meta":{"footnotes":""},"categories":[9],"tags":[2417],"class_list":["post-24736","post","type-post","status-publish","format-standard","has-post-thumbnail","hentry","category-politica","tag-candidata-a-la-gobernacion-judith-maldonado-mojica"],"_links":{"self":[{"href":"https:\/\/contraluzcucuta.co\/index.php?rest_route=\/wp\/v2\/posts\/24736","targetHints":{"allow":["GET"]}}],"collection":[{"href":"https:\/\/contraluzcucuta.co\/index.php?rest_route=\/wp\/v2\/posts"}],"about":[{"href":"https:\/\/contraluzcucuta.co\/index.php?rest_route=\/wp\/v2\/types\/post"}],"author":[{"embeddable":true,"href":"https:\/\/contraluzcucuta.co\/index.php?rest_route=\/wp\/v2\/users\/1"}],"replies":[{"embeddable":true,"href":"https:\/\/contraluzcucuta.co\/index.php?rest_route=%2Fwp%2Fv2%2Fcomments&post=24736"}],"version-history":[{"count":1,"href":"https:\/\/contraluzcucuta.co\/index.php?rest_route=\/wp\/v2\/posts\/24736\/revisions"}],"predecessor-version":[{"id":24738,"href":"https:\/\/contraluzcucuta.co\/index.php?rest_route=\/wp\/v2\/posts\/24736\/revisions\/24738"}],"wp:featuredmedia":[{"embeddable":true,"href":"https:\/\/contraluzcucuta.co\/index.php?rest_route=\/wp\/v2\/media\/24737"}],"wp:attachment":[{"href":"https:\/\/contraluzcucuta.co\/index.php?rest_route=%2Fwp%2Fv2%2Fmedia&parent=24736"}],"wp:term":[{"taxonomy":"category","embeddable":true,"href":"https:\/\/contraluzcucuta.co\/index.php?rest_route=%2Fwp%2Fv2%2Fcategories&post=24736"},{"taxonomy":"post_tag","embeddable":true,"href":"https:\/\/contraluzcucuta.co\/index.php?rest_route=%2Fwp%2Fv2%2Ftags&post=24736"}],"curies":[{"name":"wp","href":"https:\/\/api.w.org\/{rel}","templated":true}]}}