{"id":24732,"date":"2015-07-26T11:26:34","date_gmt":"2015-07-26T16:26:34","guid":{"rendered":"http:\/\/contraluzcucuta.co\/?p=24732"},"modified":"2015-07-26T11:28:08","modified_gmt":"2015-07-26T16:28:08","slug":"candidato-al-concejo-centro-democratico-comprometido-con-los-dd-hh","status":"publish","type":"post","link":"https:\/\/contraluzcucuta.co\/?p=24732","title":{"rendered":"CANDIDATO AL CONCEJO. Centro Democr\u00e1tico comprometido con los dd.hh."},"content":{"rendered":"<p><strong>C\u00daCUTA.-<\/strong> El defensor de derechos humanos Diego Villamizar hace parte de las listas del Cetro Democr\u00e1tico para el Concejo de C\u00facuta. El candidato es \u00a0l\u00edder en la ciudad y la regi\u00f3n, abogado de profesi\u00f3n y lleva 8 a\u00f1os vinculado a una empresa local de servicios p\u00fablicos.<\/p>\n<p>Villamizar es el presidente de la Veedur\u00eda de Derechos Humanos de Norte de Santander, dedicada a la gesti\u00f3n de recursos para misiones humanitarias. El trabajo ha sido indispensable para la protecci\u00f3n de la dignidad y vida de grupos vulnerables.<\/p>\n<p>Por su condici\u00f3n de defensor y l\u00edder de protecci\u00f3n de derechos humanos, recientemente, sufri\u00f3 un atentado contra su vida, del que sali\u00f3 ileso. Fue acogido por la Unidad de Protecci\u00f3n Nacional (UNP).<\/p>\n<p>El liderazgo y la entrega por la defensa de los derechos humanos son \u00a0las razones por las que el Centro Democr\u00e1tico lo acogi\u00f3 como una de sus figuras para el Concejo de C\u00facuta.<\/p>\n<p>Foto: PRENSA CENTRO DEMOCR\u00c1TICO <\/p>\n","protected":false},"excerpt":{"rendered":"<p>C\u00daCUTA.- El defensor de derechos humanos Diego Villamizar hace parte de las listas del Cetro Democr\u00e1tico para el Concejo de C\u00facuta. El candidato es \u00a0l\u00edder en la ciudad y la regi\u00f3n, abogado de profesi\u00f3n y lleva 8 a\u00f1os vinculado a una empresa local de servicios p\u00fablicos. Villamizar es el presidente de la Veedur\u00eda de Derechos &hellip;<\/p>\n","protected":false},"author":1,"featured_media":24734,"comment_status":"open","ping_status":"open","sticky":false,"template":"","format":"standard","meta":{"footnotes":""},"categories":[9],"tags":[],"class_list":["post-24732","post","type-post","status-publish","format-standard","has-post-thumbnail","hentry","category-politica"],"_links":{"self":[{"href":"https:\/\/contraluzcucuta.co\/index.php?rest_route=\/wp\/v2\/posts\/24732","targetHints":{"allow":["GET"]}}],"collection":[{"href":"https:\/\/contraluzcucuta.co\/index.php?rest_route=\/wp\/v2\/posts"}],"about":[{"href":"https:\/\/contraluzcucuta.co\/index.php?rest_route=\/wp\/v2\/types\/post"}],"author":[{"embeddable":true,"href":"https:\/\/contraluzcucuta.co\/index.php?rest_route=\/wp\/v2\/users\/1"}],"replies":[{"embeddable":true,"href":"https:\/\/contraluzcucuta.co\/index.php?rest_route=%2Fwp%2Fv2%2Fcomments&post=24732"}],"version-history":[{"count":2,"href":"https:\/\/contraluzcucuta.co\/index.php?rest_route=\/wp\/v2\/posts\/24732\/revisions"}],"predecessor-version":[{"id":24735,"href":"https:\/\/contraluzcucuta.co\/index.php?rest_route=\/wp\/v2\/posts\/24732\/revisions\/24735"}],"wp:featuredmedia":[{"embeddable":true,"href":"https:\/\/contraluzcucuta.co\/index.php?rest_route=\/wp\/v2\/media\/24734"}],"wp:attachment":[{"href":"https:\/\/contraluzcucuta.co\/index.php?rest_route=%2Fwp%2Fv2%2Fmedia&parent=24732"}],"wp:term":[{"taxonomy":"category","embeddable":true,"href":"https:\/\/contraluzcucuta.co\/index.php?rest_route=%2Fwp%2Fv2%2Fcategories&post=24732"},{"taxonomy":"post_tag","embeddable":true,"href":"https:\/\/contraluzcucuta.co\/index.php?rest_route=%2Fwp%2Fv2%2Ftags&post=24732"}],"curies":[{"name":"wp","href":"https:\/\/api.w.org\/{rel}","templated":true}]}}