{"id":24729,"date":"2015-07-26T11:11:05","date_gmt":"2015-07-26T16:11:05","guid":{"rendered":"http:\/\/contraluzcucuta.co\/?p=24729"},"modified":"2015-07-26T11:11:05","modified_gmt":"2015-07-26T16:11:05","slug":"candidato-a-la-alcaldia-jorge-acevedo-anuncia-alcaldia-de-puertas-abiertas","status":"publish","type":"post","link":"https:\/\/contraluzcucuta.co\/?p=24729","title":{"rendered":"CANDIDATO A LA ALCALD\u00cdA. Jorge Acevedo anuncia Alcald\u00eda de puertas abiertas"},"content":{"rendered":"<p><strong>C\u00daCUTA.-<\/strong> El candidato a la Alcald\u00eda de C\u00facuta, \u00a0Jorge Acevedo, y el equipo de trabajo iniciaron formalmente la campa\u00f1a electoral. El trabajo sin descanso estar\u00e1 enfocado en convertir a C\u00facuta en una ciudad prospera y segura.<\/p>\n<p>El sue\u00f1o de los cucute\u00f1os es ver el cambio y Acevedo ser\u00e1 el protagonista que le dar\u00e1 vida y har\u00e1 realidad la proyecci\u00f3n de una ciudad diferente. El trabajo, la juventud, la experiencia y los a\u00f1os de dedicaci\u00f3n a las comunidades hacen que luche en la carrera que emprende por ganar la alcald\u00eda de C\u00facuta, el 25 de octubre.<\/p>\n<p>El equipo de colaboradores trabaja seguro y \u00a0confiado en que C\u00facuta tendr\u00e1 el mejor alcalde. \u201cHoy empezamos con el pie derecho y tenemos la esperanza de alcanzar la Alcald\u00eda. Creemos que, con la bendici\u00f3n de Dios, llegaremos triunfantes a la meta. Gracias a cada uno que d\u00eda a d\u00eda se une a este proyecto\u201d, dijo Jorge Acevedo candidato a la alcald\u00eda por Cambio Radical.<\/p>\n<p>Foto: PRENSA DE LA CAMPA\u00d1A<\/p>\n<p>&nbsp; <\/p>\n","protected":false},"excerpt":{"rendered":"<p>C\u00daCUTA.- El candidato a la Alcald\u00eda de C\u00facuta, \u00a0Jorge Acevedo, y el equipo de trabajo iniciaron formalmente la campa\u00f1a electoral. El trabajo sin descanso estar\u00e1 enfocado en convertir a C\u00facuta en una ciudad prospera y segura. El sue\u00f1o de los cucute\u00f1os es ver el cambio y Acevedo ser\u00e1 el protagonista que le dar\u00e1 vida y &hellip;<\/p>\n","protected":false},"author":1,"featured_media":24730,"comment_status":"open","ping_status":"open","sticky":false,"template":"","format":"standard","meta":{"footnotes":""},"categories":[9],"tags":[2314,2192],"class_list":["post-24729","post","type-post","status-publish","format-standard","has-post-thumbnail","hentry","category-politica","tag-candidato-a-la-alcaldia","tag-jorge-acevedo"],"_links":{"self":[{"href":"https:\/\/contraluzcucuta.co\/index.php?rest_route=\/wp\/v2\/posts\/24729","targetHints":{"allow":["GET"]}}],"collection":[{"href":"https:\/\/contraluzcucuta.co\/index.php?rest_route=\/wp\/v2\/posts"}],"about":[{"href":"https:\/\/contraluzcucuta.co\/index.php?rest_route=\/wp\/v2\/types\/post"}],"author":[{"embeddable":true,"href":"https:\/\/contraluzcucuta.co\/index.php?rest_route=\/wp\/v2\/users\/1"}],"replies":[{"embeddable":true,"href":"https:\/\/contraluzcucuta.co\/index.php?rest_route=%2Fwp%2Fv2%2Fcomments&post=24729"}],"version-history":[{"count":1,"href":"https:\/\/contraluzcucuta.co\/index.php?rest_route=\/wp\/v2\/posts\/24729\/revisions"}],"predecessor-version":[{"id":24731,"href":"https:\/\/contraluzcucuta.co\/index.php?rest_route=\/wp\/v2\/posts\/24729\/revisions\/24731"}],"wp:featuredmedia":[{"embeddable":true,"href":"https:\/\/contraluzcucuta.co\/index.php?rest_route=\/wp\/v2\/media\/24730"}],"wp:attachment":[{"href":"https:\/\/contraluzcucuta.co\/index.php?rest_route=%2Fwp%2Fv2%2Fmedia&parent=24729"}],"wp:term":[{"taxonomy":"category","embeddable":true,"href":"https:\/\/contraluzcucuta.co\/index.php?rest_route=%2Fwp%2Fv2%2Fcategories&post=24729"},{"taxonomy":"post_tag","embeddable":true,"href":"https:\/\/contraluzcucuta.co\/index.php?rest_route=%2Fwp%2Fv2%2Ftags&post=24729"}],"curies":[{"name":"wp","href":"https:\/\/api.w.org\/{rel}","templated":true}]}}