{"id":24720,"date":"2015-07-25T13:46:51","date_gmt":"2015-07-25T18:46:51","guid":{"rendered":"http:\/\/contraluzcucuta.co\/?p=24720"},"modified":"2015-07-27T17:14:15","modified_gmt":"2015-07-27T22:14:15","slug":"informe-especial-el-desplazamiento-calvario-en-la-ciudad","status":"publish","type":"post","link":"https:\/\/contraluzcucuta.co\/?p=24720","title":{"rendered":"INFORME ESPECIAL. El desplazamiento, calvario en la ciudad"},"content":{"rendered":"<p><strong>C\u00daCUTA.-<\/strong> El desplazamiento forzado es un fen\u00f3meno que ubica a Colombia como el pa\u00eds con m\u00e1s crisis humanitaria en Am\u00e9rica Latina. En el mundo, aparece despu\u00e9s de Sud\u00e1n. El terror que emplean los grupos criminales y los problemas sociales, pol\u00edticos y econ\u00f3micos perjudican a campesinos, ind\u00edgenas y afrodescendientes. La expulsi\u00f3n de las comunidades de las tierras y el control de los territorios como m\u00e9todo estrat\u00e9gico de los alzados en armas para generar poder y miedo provocan la\u00a0 crisis social y migratoria en el terreno nacional.<\/p>\n<p>Entre los motivos iniciales de desplazamiento est\u00e1n amenazas, torturas, desapariciones forzadas, homicidios, desalojos, reclutamientos, secuestros y operativos antinarc\u00f3ticos. Seg\u00fan datos del Registro \u00danico de V\u00edctimas (RUV), las estad\u00edsticas aumentan y la magnitud de los registros est\u00e1\u00a0 en constante estudio. En el RUV hay inscritas 5\u2019432.156 v\u00edctimas de conflicto armado interno.<\/p>\n<p>Norte de Santander es uno de los departamentos con aumento de desplazados y v\u00edctimas de los grupos armados y bandas criminales. El poder dominante en los sectores rurales ha provocado migraci\u00f3n de familias. Otros problemas hist\u00f3ricos en el oriente colombiano son la ausencia del Estado en las zonas campesinas, la situaci\u00f3n fronteriza, el tr\u00e1fico ilegal de productos y el aumento desmedido del rebusque,\u00a0 que fortalecen al Eln, Farc, \u00c1guilas Negras y Bacrim.<\/p>\n<p>Al obtener contacto con las poblaciones vulnerables se distinguen diferentes focos que generan da\u00f1o y desangran los\u00a0 hogares. Los grupos armados y las bandas criminales\u00a0 que se disputan tierras han sido durante muchos a\u00f1os la principal causa de desplazamiento forzado del pa\u00eds. Pero es err\u00f3neo pensar que son solo estas situaciones las que les arrancan la sonrisa a los campesinos, habitantes de veredas o pueblos lejanos donde la presencia de las fuerzas p\u00fablica es poca.<\/p>\n<p>En Colombia son alarmantes las cifras de campesinos\u00a0 secuestrados para que presten servicio a los grupos insurgentes. Durante la estad\u00eda pasan un calvario debido al constante terror que es infundido por parte de los victimarios, amenazas que van desde la muerte de familiares, torturas o la muerte de los reclutados. Pocos de las v\u00edctimas son retenidos y vuelven sanos al hogar.<\/p>\n<p>Las Farc utilizan como principal instrumento de terror la instalaci\u00f3n de minas antipersonal, el reclutamiento de menores para el ensanche de las filas armadas y,\u00a0 en ocasiones, el constante enfrentamiento entre dos grupos de diferente frente por apoderarse de los terrenos.<\/p>\n<p>Muchos de los insurgentes atacan camiones patrullas y otros medios de trasportes del Ej\u00e9rcito con bombas y\u00a0 armas, lo que disminuye el aporte del Estado para combatir la violencia en Colombia. Las v\u00edctimas trasmiten tristeza, fatiga, agobio\u00a0 y no se les hace f\u00e1cil hablar sobre esta forma de vida. Las vivencias son diferentes y cada uno tiene una historia dif\u00edcil de superar.<\/p>\n<p>El apoyo que se les brinda es poco y lento. Una v\u00edctima puede esperar hasta cinco o seis a\u00f1os por el pago del subsidio prometido por el Gobierno desde que hace la respectiva denuncia en los centros de atenci\u00f3n, ubicados en la mayor\u00eda de\u00a0 las capitales y los municipios del pa\u00eds. Este panorama se evidenciaba a\u00f1os atr\u00e1s; hoy, la espera puede ser menor, pero no llega a tiempo.<\/p>\n<p>C\u00facuta es uno de los municipios de Norte de Santander m\u00e1s azotados por la llegada de desplazados por la violencia. Un estudio elaborado en el 2013, arroj\u00f3 una cifra alarmante para las autoridades. 361 v\u00edctimas del conflicto armado\u00a0 llegaron\u00a0 a la capital del departamento en ese a\u00f1o, en su mayor\u00eda provenientes de El Tarra y Convenci\u00f3n.<\/p>\n<p>La usurpaci\u00f3n de terrenos para la producci\u00f3n de cultivos il\u00edcitos de coca, marihuana y otro estupefaciente, ha contribuido de manera significativa\u00a0 al aumento desmesurado de los grupos alzados en armas en zonas rurales, el desplazamiento forzado de los habitantes de veredas o pueblos que dejan atr\u00e1s todo sin importar consecuencias y el creciente nacimiento de peque\u00f1as bandas criminales (Bacrim).<\/p>\n<p><strong>LEYDA ACEVEDO &#8211; ALEXIS \u00a0CASADIEGO<\/strong><\/p>\n<p><strong>GRECIA CONTRERAS &#8211; LUISA MONTA\u00d1O <\/strong><\/p>\n<p><strong>Estudiantes de Comunicaci\u00f3n Social<\/strong><\/p>\n<p><strong>Universidad de Pamplona<\/strong><\/p>\n<p><strong>Campus de Villa del Rosario<\/strong><\/p>\n<p><strong>\u00a0Foto:\u00a0sjrcol.com<\/strong><\/p>\n<p>&nbsp; <\/p>\n","protected":false},"excerpt":{"rendered":"<p>C\u00daCUTA.- El desplazamiento forzado es un fen\u00f3meno que ubica a Colombia como el pa\u00eds con m\u00e1s crisis humanitaria en Am\u00e9rica Latina. En el mundo, aparece despu\u00e9s de Sud\u00e1n. El terror que emplean los grupos criminales y los problemas sociales, pol\u00edticos y econ\u00f3micos perjudican a campesinos, ind\u00edgenas y afrodescendientes. La expulsi\u00f3n de las comunidades de las &hellip;<\/p>\n","protected":false},"author":1,"featured_media":24723,"comment_status":"open","ping_status":"open","sticky":false,"template":"","format":"standard","meta":{"footnotes":""},"categories":[74,36],"tags":[718,2414,295],"class_list":["post-24720","post","type-post","status-publish","format-standard","has-post-thumbnail","hentry","category-aula-universitaria","category-la-voz-del-pueblo","tag-conflicto-armado","tag-desplazamiento-forzado","tag-victimas-del-conflicto"],"_links":{"self":[{"href":"https:\/\/contraluzcucuta.co\/index.php?rest_route=\/wp\/v2\/posts\/24720","targetHints":{"allow":["GET"]}}],"collection":[{"href":"https:\/\/contraluzcucuta.co\/index.php?rest_route=\/wp\/v2\/posts"}],"about":[{"href":"https:\/\/contraluzcucuta.co\/index.php?rest_route=\/wp\/v2\/types\/post"}],"author":[{"embeddable":true,"href":"https:\/\/contraluzcucuta.co\/index.php?rest_route=\/wp\/v2\/users\/1"}],"replies":[{"embeddable":true,"href":"https:\/\/contraluzcucuta.co\/index.php?rest_route=%2Fwp%2Fv2%2Fcomments&post=24720"}],"version-history":[{"count":3,"href":"https:\/\/contraluzcucuta.co\/index.php?rest_route=\/wp\/v2\/posts\/24720\/revisions"}],"predecessor-version":[{"id":24725,"href":"https:\/\/contraluzcucuta.co\/index.php?rest_route=\/wp\/v2\/posts\/24720\/revisions\/24725"}],"wp:featuredmedia":[{"embeddable":true,"href":"https:\/\/contraluzcucuta.co\/index.php?rest_route=\/wp\/v2\/media\/24723"}],"wp:attachment":[{"href":"https:\/\/contraluzcucuta.co\/index.php?rest_route=%2Fwp%2Fv2%2Fmedia&parent=24720"}],"wp:term":[{"taxonomy":"category","embeddable":true,"href":"https:\/\/contraluzcucuta.co\/index.php?rest_route=%2Fwp%2Fv2%2Fcategories&post=24720"},{"taxonomy":"post_tag","embeddable":true,"href":"https:\/\/contraluzcucuta.co\/index.php?rest_route=%2Fwp%2Fv2%2Ftags&post=24720"}],"curies":[{"name":"wp","href":"https:\/\/api.w.org\/{rel}","templated":true}]}}