{"id":24714,"date":"2015-07-25T13:15:36","date_gmt":"2015-07-25T18:15:36","guid":{"rendered":"http:\/\/contraluzcucuta.co\/?p=24714"},"modified":"2015-07-27T16:29:01","modified_gmt":"2015-07-27T21:29:01","slug":"renuncia-del-obispo-recibo-este-nombramiento-con-temor-y-temblor","status":"publish","type":"post","link":"https:\/\/contraluzcucuta.co\/?p=24714","title":{"rendered":"RENUNCIA DEL OBISPO. \u201cRecibo este nombramiento con temor y temblor\u201d"},"content":{"rendered":"<p><strong>C\u00daCUTA.-<\/strong> Dos semanas atr\u00e1s, o un poco m\u00e1s atr\u00e1s, monse\u00f1or Julio C\u00e9sar Vidal Ortiz tom\u00f3 la decisi\u00f3n m\u00e1s dura de su carrera sacerdotal. Luego de meditar lo ocurrido en los \u00faltimos a\u00f1os de vida pastoral y de sentir el cansancio que aparece con el trascurrir del tiempo le escribi\u00f3 al papa Francisco. En la misiva le expres\u00f3 el deseo de renunciar a la Di\u00f3cesis de C\u00facuta, que gobern\u00f3 durante 1430 d\u00edas y noches.<\/p>\n<p>La \u00faltima misi\u00f3n pastoral de monse\u00f1or Vidal en la Di\u00f3cesis la cumplir\u00e1 en la Catedral de San Jos\u00e9, el templo que muchas veces lo vio entrar como el m\u00e1ximo pastor de la Iglesia Cat\u00f3lica en esta zona del pa\u00eds. El 8 de agosto, ordenar\u00e1 a cuatro di\u00e1conos. Ser\u00e1, tambi\u00e9n, la \u00faltima fiesta diocesana que encabece.<\/p>\n<p>Ese d\u00eda les dir\u00e1 adi\u00f3s a los feligreses, a los que agradeci\u00f3 por las oraciones que elevaron por su vocaci\u00f3n. Y les dir\u00e1 que los extra\u00f1ar\u00e1, que le da pesar irse, porque \u00a0\u201custedes han sido muy especiales. Siempre recordar\u00e9 a C\u00facuta&#8221;. Y, seguro, dejar\u00e1 escapar esas l\u00e1grimas que contuvo frente a la prensa el d\u00eda que anunci\u00f3 las dos razones que motivaron su renuncia:<\/p>\n<p>1.- De car\u00e1cter pastoral, ante el proceso de revisi\u00f3n y proyecci\u00f3n que vive la Iglesia de C\u00facuta<\/p>\n<p>2.- Orientada al deseo de cualificar el servicio al Se\u00f1or y a la Iglesia y a su vida.<\/p>\n<p>\u201cEstos aspectos me han hecho pensar que se necesitan fuerzas nuevas, que retomen este proceso en beneficio del dinamismo pastoral, ahora que proyectamos una nueva etapa del Plan Global Diocesano de Nueva Evangelizaci\u00f3n, que son nueve a\u00f1os. Es importante que venga un nuevo aporte que enriquezca, renueve y fortalezca el caminar de esta Iglesia Particular de C\u00facuta\u201d. Esas palabras tuvieron pronta respuesta.<\/p>\n<p>Su santidad Francisco nombr\u00f3 como noveno obispo de C\u00facuta a monse\u00f1or V\u00edctor Manuel Ochoa Cadavid. El bol\u00edgrafo papal lo traslad\u00f3 de \u00a0la Di\u00f3cesis de M\u00e1laga \u2013 Soat\u00e1 a estas tierras. El prelado recibi\u00f3 el nombramiento \u201ccon temor y temblor. Nunca pens\u00e9 que el Se\u00f1or me pon\u00eda como pastor de esa Di\u00f3cesis de C\u00facuta, una Di\u00f3cesis tan bella, tan trabajada, con gran dinamismo pastoral\u201d.<\/p>\n<p>Llega en la condici\u00f3n de\u00a0 pastor, con humildad y con sencillez. La primera petici\u00f3n que hizo fue oraci\u00f3n por la misi\u00f3n que emprender\u00e1 en la Iglesia Diocesana, que comprende a la capital de Norte de Santander, Villa del Rosario, San Cayetano, Santiago, Gramalote, Lourdes, Sardinata y Carmen de Nazaret. De paso les envi\u00f3 la primera invitaci\u00f3n, a comprometerse en la construcci\u00f3n de una Iglesia evangelizada y evangelizadora.<\/p>\n<p>Mientras monse\u00f1or Ochoa Cadavid, nacido el 18 de octubre de 1962, y ordenado sacerdote el 5 de julio de 1986 y obispo el 1 de abril de 2006, comienza a pensar c\u00f3mo ganarse el coraz\u00f3n de la feligres\u00eda, monse\u00f1or Vidal Ortiz empieza a seleccionar los autores que leer\u00e1 de ahora en adelante y a preparar los temas sobre los que escribir\u00e1 en los siguientes a\u00f1os.<\/p>\n<p>\u201cQuiero dedicar mis \u00faltimos a\u00f1os de vida a una labor m\u00e1s cualificada (misiones \u2013 visitas &#8211; estudio). Una labor de buscar mayor crecimiento personal que me lleve al Se\u00f1or. Cultivar la oraci\u00f3n, la lectura y el estudio. Esto lo hago por amor a Dios, a la Iglesia y a esta Di\u00f3cesis\u201d.<\/p>\n<p>Los ojos enrojecieron, los m\u00fasculos de la cara se contrajeron y apareci\u00f3 una sonrisa liviana, de incertidumbre. Mir\u00f3 a los lados y busc\u00f3 apoyo, solo encontr\u00f3 la mirada pasiva de los periodistas que tampoco quer\u00edan preguntar m\u00e1s.<\/p>\n<p><strong>Foto: <a href=\"http:\/\/www.contraluzcucuta.co\">www.contraluzcucuta.co<\/a><\/strong><\/p>\n<p>&nbsp; <\/p>\n","protected":false},"excerpt":{"rendered":"<p>C\u00daCUTA.- Dos semanas atr\u00e1s, o un poco m\u00e1s atr\u00e1s, monse\u00f1or Julio C\u00e9sar Vidal Ortiz tom\u00f3 la decisi\u00f3n m\u00e1s dura de su carrera sacerdotal. Luego de meditar lo ocurrido en los \u00faltimos a\u00f1os de vida pastoral y de sentir el cansancio que aparece con el trascurrir del tiempo le escribi\u00f3 al papa Francisco. En la misiva &hellip;<\/p>\n","protected":false},"author":1,"featured_media":24715,"comment_status":"open","ping_status":"open","sticky":false,"template":"","format":"standard","meta":{"footnotes":""},"categories":[541,6],"tags":[8,1151,2412,173],"class_list":["post-24714","post","type-post","status-publish","format-standard","has-post-thumbnail","hentry","category-ciudad","category-ojo-avizor","tag-diocesis-de-cucuta","tag-monsenor-julio-cesar-vidal-ortiz","tag-monsenor-victor-manuel-ochoa-cadavid","tag-obispo-de-cucuta"],"_links":{"self":[{"href":"https:\/\/contraluzcucuta.co\/index.php?rest_route=\/wp\/v2\/posts\/24714","targetHints":{"allow":["GET"]}}],"collection":[{"href":"https:\/\/contraluzcucuta.co\/index.php?rest_route=\/wp\/v2\/posts"}],"about":[{"href":"https:\/\/contraluzcucuta.co\/index.php?rest_route=\/wp\/v2\/types\/post"}],"author":[{"embeddable":true,"href":"https:\/\/contraluzcucuta.co\/index.php?rest_route=\/wp\/v2\/users\/1"}],"replies":[{"embeddable":true,"href":"https:\/\/contraluzcucuta.co\/index.php?rest_route=%2Fwp%2Fv2%2Fcomments&post=24714"}],"version-history":[{"count":1,"href":"https:\/\/contraluzcucuta.co\/index.php?rest_route=\/wp\/v2\/posts\/24714\/revisions"}],"predecessor-version":[{"id":24716,"href":"https:\/\/contraluzcucuta.co\/index.php?rest_route=\/wp\/v2\/posts\/24714\/revisions\/24716"}],"wp:featuredmedia":[{"embeddable":true,"href":"https:\/\/contraluzcucuta.co\/index.php?rest_route=\/wp\/v2\/media\/24715"}],"wp:attachment":[{"href":"https:\/\/contraluzcucuta.co\/index.php?rest_route=%2Fwp%2Fv2%2Fmedia&parent=24714"}],"wp:term":[{"taxonomy":"category","embeddable":true,"href":"https:\/\/contraluzcucuta.co\/index.php?rest_route=%2Fwp%2Fv2%2Fcategories&post=24714"},{"taxonomy":"post_tag","embeddable":true,"href":"https:\/\/contraluzcucuta.co\/index.php?rest_route=%2Fwp%2Fv2%2Ftags&post=24714"}],"curies":[{"name":"wp","href":"https:\/\/api.w.org\/{rel}","templated":true}]}}