{"id":24675,"date":"2015-07-23T15:47:14","date_gmt":"2015-07-23T20:47:14","guid":{"rendered":"http:\/\/contraluzcucuta.co\/?p=24675"},"modified":"2015-07-25T13:13:22","modified_gmt":"2015-07-25T18:13:22","slug":"encuesta-para-alcalde-cucutenos-no-tienen-definido-por-quien-votar","status":"publish","type":"post","link":"https:\/\/contraluzcucuta.co\/?p=24675","title":{"rendered":"ENCUESTA PARA ALCALDE. Cucute\u00f1os no tienen definido por qui\u00e9n votar"},"content":{"rendered":"<p><strong> C\u00daCUTA.-<\/strong> Los cucute\u00f1os, hasta el momento, no tienen definido por qui\u00e9n votar\u00e1n en las elecciones del 25 de octubre para la Alcald\u00eda de C\u00facuta. El voto en blanco obtuvo el 53 por ciento de las preferencias entre los mil consultados, del 18 al 20 de julio, por la firma Mercados y Sondeos. La empresa divulg\u00f3 los resultados v\u00eda Facebook.<\/p>\n<p>Del millar de electores contactados telef\u00f3nicamente en la zona urbana de la capital de Norte de Santander, 529 dijeron que no marcar\u00e1n la casilla asignada a cualquiera de los ocho aspirantes a llegar al palacio del gobierno municipal. O que no respaldar\u00e1n a cualquiera de los nombres propuestos en la encuesta.<\/p>\n<p>La muestra, seg\u00fan la ficha t\u00e9cnica, se estratific\u00f3 por comunas, g\u00e9nero y rango de edades. Se tuvieron en cuenta hombres y mujeres mayores de 18 a\u00f1os que han votado, al menos, en los \u00faltimos cinco a\u00f1os. La financiaci\u00f3n del trabajo estuvo a cargo de una organizaci\u00f3n pol\u00edtica que solicit\u00f3 reserva del nombre. El margen de error es del 3 por ciento.<\/p>\n<p>A la pregunta \u2018\u00bfsi las elecciones para elegir alcalde fueran hoy, usted votar\u00eda\u2026\u2019 por Jorge Acevedo, 15 por ciento; C\u00e9sar Rojas, 14 por ciento; David Castillo, 6 por ciento; Carlos Luna, 5 por ciento; Jairo Cristo, 4 por ciento; Wilfredo Grajales, 2 por ciento; Blanca Cruz, uno por ciento, y Charles Torres, cero por ciento.<\/p>\n<p>En la clasificaci\u00f3n socioecon\u00f3mica las opiniones son las siguientes:<\/p>\n<p><strong>&#8211; ESTRATO 1.<\/strong> Acevedo 16,8 %; Rojas 14,6 %; Castillo 8,9 %; en blanco 4,9 %; Luna 3,3 %; Cristo 3,0 %. No votan \u2013 no responden 46,6 por ciento.<\/p>\n<p><strong>&#8211; ESTRATO 2.<\/strong> Acevedo 16,1 %; Rojas 14,8 %; Castillo 8,3 %; en blanco 4,6 %; Luna 3,8 %; Cristo 3,1 %, Grajales 1,2 %. No votan \u2013 no responden 46,9 por ciento.<\/p>\n<p><strong>&#8211; ESTRATO 3.<\/strong> Acevedo 14,9 %; Rojas, 12,5 %; Castillo 8,1 %; en blanco 6,0 %; Luna 6,0 %; Cristo 5,5 %. No votan \u2013 no responden 45,5 por ciento.<\/p>\n<p><strong>&#8211; ESTRATO 4.<\/strong> Acevedo 14,7 %; Rojas 12,5 %; en blanco 10,1 %; Luna 7,5 %; Castillo 5,8 %; Cristo 4,1 %; Grajales 2,9 %. No votan \u2013 no responden 41,0 por ciento.<\/p>\n<p><strong>&#8211; ESTRATO 5.<\/strong> Luna 20,5 %, Acevedo 14,7 %; Rojas 13,8 %; en blanco 7,0 %; Grajales 4,1 %; Cristo 2,2 %; Castillo 2,1 %. No votan \u2013 no responden 34,1 por ciento.<\/p>\n<p><strong>&#8211; ESTRATO 6.<\/strong> Luna 30 %; Acevedo 25 %, Rojas 20 %; en blanco 5 %. No votan \u2013 no responden 20 por ciento.<\/p>\n<p><a href=\"https:\/\/contraluzcucuta.co\/wp-content\/uploads\/2015\/07\/ENCUESTA-2.jpg\"><img loading=\"lazy\" decoding=\"async\" class=\"alignnone size-medium wp-image-24677\" src=\"https:\/\/contraluzcucuta.co\/wp-content\/uploads\/2015\/07\/ENCUESTA-2-300x188.jpg\" alt=\"ENCUESTA - 2\" width=\"300\" height=\"188\" srcset=\"https:\/\/contraluzcucuta.co\/wp-content\/uploads\/2015\/07\/ENCUESTA-2-300x188.jpg 300w, https:\/\/contraluzcucuta.co\/wp-content\/uploads\/2015\/07\/ENCUESTA-2-150x94.jpg 150w, https:\/\/contraluzcucuta.co\/wp-content\/uploads\/2015\/07\/ENCUESTA-2.jpg 640w\" sizes=\"auto, (max-width: 300px) 100vw, 300px\" \/><\/a>\u00a0\u00a0<a href=\"https:\/\/contraluzcucuta.co\/wp-content\/uploads\/2015\/07\/ENCUESTA-3.jpg\"><img loading=\"lazy\" decoding=\"async\" class=\"alignnone size-medium wp-image-24678\" src=\"https:\/\/contraluzcucuta.co\/wp-content\/uploads\/2015\/07\/ENCUESTA-3-300x188.jpg\" alt=\"ENCUESTA - 3\" width=\"300\" height=\"188\" srcset=\"https:\/\/contraluzcucuta.co\/wp-content\/uploads\/2015\/07\/ENCUESTA-3-300x188.jpg 300w, https:\/\/contraluzcucuta.co\/wp-content\/uploads\/2015\/07\/ENCUESTA-3-150x94.jpg 150w, https:\/\/contraluzcucuta.co\/wp-content\/uploads\/2015\/07\/ENCUESTA-3.jpg 640w\" sizes=\"auto, (max-width: 300px) 100vw, 300px\" \/><\/a><\/p>\n<p>El candidato con mayor reconocimiento entre los consultados es Acevedo con 23,7 por ciento, seguido por C\u00e9sar Rojas (21,2 %); Jairo Cristo (18,5 %); David Castillo (15,4 %); Carlos Luna (12,7 %); Blanca Cruz (11,2 %); Wilfredo Grajales (3,1 %) y Charles Torres (1,1 %).<\/p>\n<p>En el apartado de favorabilidad encabeza la lista Wilfredo Grajales con 82,5 por ciento. Lo siguen Charles Torres (79,2 %); Jorge Acevedo (65,4 %); C\u00e9sar Rojas (52,3 %); Carlos Luna (44,2 %); Blanca Cruz (37,2 %); Jairo Cristo (34,9 %); David Castillo (32,8 %).<\/p>\n<p>En lo concerniente a la desfavorabilidad el de mayor rango es David Castillo con 67,2 por ciento. Lo siguen Jairo Cristo (65,1 %); Blanca Cruz (62,8 %); Carlos Luna (55,8 %), C\u00e9sar Rojas (47,7 %); Jorge Acevedo (34,6 %); Charles Torres (20,8 %); Wilfredo Grajales (17,5 %).<\/p>\n<p><a href=\"https:\/\/contraluzcucuta.co\/wp-content\/uploads\/2015\/07\/ENCUESTA-4.jpg\"><img loading=\"lazy\" decoding=\"async\" class=\"alignnone size-medium wp-image-24679\" src=\"https:\/\/contraluzcucuta.co\/wp-content\/uploads\/2015\/07\/ENCUESTA-4-300x188.jpg\" alt=\"ENCUESTA - 4\" width=\"300\" height=\"188\" srcset=\"https:\/\/contraluzcucuta.co\/wp-content\/uploads\/2015\/07\/ENCUESTA-4-300x188.jpg 300w, https:\/\/contraluzcucuta.co\/wp-content\/uploads\/2015\/07\/ENCUESTA-4-150x94.jpg 150w, https:\/\/contraluzcucuta.co\/wp-content\/uploads\/2015\/07\/ENCUESTA-4.jpg 640w\" sizes=\"auto, (max-width: 300px) 100vw, 300px\" \/><\/a><\/p>\n<p>Gr\u00e1ficas:\u00a0Mercados y Sondeos (mysondeos@gmail.com) <\/p>\n","protected":false},"excerpt":{"rendered":"<p>C\u00daCUTA.- Los cucute\u00f1os, hasta el momento, no tienen definido por qui\u00e9n votar\u00e1n en las elecciones del 25 de octubre para la Alcald\u00eda de C\u00facuta. El voto en blanco obtuvo el 53 por ciento de las preferencias entre los mil consultados, del 18 al 20 de julio, por la firma Mercados y Sondeos. La empresa divulg\u00f3 &hellip;<\/p>\n","protected":false},"author":1,"featured_media":24676,"comment_status":"open","ping_status":"open","sticky":false,"template":"","format":"standard","meta":{"footnotes":""},"categories":[6],"tags":[2224,1592,2401,2400,110,2402],"class_list":["post-24675","post","type-post","status-publish","format-standard","has-post-thumbnail","hentry","category-ojo-avizor","tag-candidatos-a-la-alcaldia-de-cucuta","tag-carlos-luna","tag-david-castillo","tag-encuesta-para-alcalde-de-cucuta","tag-jorge-acevedo-penaloza","tag-julio-cesar-rojas"],"_links":{"self":[{"href":"https:\/\/contraluzcucuta.co\/index.php?rest_route=\/wp\/v2\/posts\/24675","targetHints":{"allow":["GET"]}}],"collection":[{"href":"https:\/\/contraluzcucuta.co\/index.php?rest_route=\/wp\/v2\/posts"}],"about":[{"href":"https:\/\/contraluzcucuta.co\/index.php?rest_route=\/wp\/v2\/types\/post"}],"author":[{"embeddable":true,"href":"https:\/\/contraluzcucuta.co\/index.php?rest_route=\/wp\/v2\/users\/1"}],"replies":[{"embeddable":true,"href":"https:\/\/contraluzcucuta.co\/index.php?rest_route=%2Fwp%2Fv2%2Fcomments&post=24675"}],"version-history":[{"count":1,"href":"https:\/\/contraluzcucuta.co\/index.php?rest_route=\/wp\/v2\/posts\/24675\/revisions"}],"predecessor-version":[{"id":24680,"href":"https:\/\/contraluzcucuta.co\/index.php?rest_route=\/wp\/v2\/posts\/24675\/revisions\/24680"}],"wp:featuredmedia":[{"embeddable":true,"href":"https:\/\/contraluzcucuta.co\/index.php?rest_route=\/wp\/v2\/media\/24676"}],"wp:attachment":[{"href":"https:\/\/contraluzcucuta.co\/index.php?rest_route=%2Fwp%2Fv2%2Fmedia&parent=24675"}],"wp:term":[{"taxonomy":"category","embeddable":true,"href":"https:\/\/contraluzcucuta.co\/index.php?rest_route=%2Fwp%2Fv2%2Fcategories&post=24675"},{"taxonomy":"post_tag","embeddable":true,"href":"https:\/\/contraluzcucuta.co\/index.php?rest_route=%2Fwp%2Fv2%2Ftags&post=24675"}],"curies":[{"name":"wp","href":"https:\/\/api.w.org\/{rel}","templated":true}]}}