{"id":24668,"date":"2015-07-21T18:35:34","date_gmt":"2015-07-21T23:35:34","guid":{"rendered":"http:\/\/contraluzcucuta.co\/?p=24668"},"modified":"2015-07-23T17:24:35","modified_gmt":"2015-07-23T22:24:35","slug":"sueno-olimpico-jossimar-pidio-apoyo-apoyo-y-apoyo-para-la-gimnasia","status":"publish","type":"post","link":"https:\/\/contraluzcucuta.co\/?p=24668","title":{"rendered":"\u2018SUE\u00d1O OL\u00cdMPICO\u2019. Jossimar pidi\u00f3 \u201capoyo, apoyo y apoyo\u201d para la gimnasia"},"content":{"rendered":"<p><strong>C\u00daCUTA.-<\/strong> Veinticinco a\u00f1os atr\u00e1s, el sue\u00f1o de los gimnastas cucute\u00f1os estaba cifrado en alcanzar una medalla del orden nacional. Pasaron varias generaciones de deportistas y cada una aport\u00f3 para abrir el camino del \u00e9xito que disfrutan los miembros del equipo masculino de Norte de Santander. Hoy, la meta est\u00e1 puesta en una presea ol\u00edmpica y el abanderado es Jossimar Calvo.<\/p>\n<p>En el recuerdo aparecen victoriosos Rangel, Mu\u00f1oz, Romero y otros tantos que se vistieron de rojo y negro para pararse en el podio y gritar con el alma \u201cDel Norte bravos hijos\u201d. En las competencias se hizo normal escuchar el himno y ver izada la bandera del departamento en lo m\u00e1s alto de los escenarios deportivos.<\/p>\n<p>El fruto del esfuerzo, la dedicaci\u00f3n y la responsabilidad de los deportistas lo recogi\u00f3 Jossimar en los Panamericanos de Toronto 2015. Tres medallas de oro y dos de bronce alcanzaron para poner al pa\u00eds a hablar de este muchacho hecho hombre entre anillos, arzones, caballetes y barras paralelas.<\/p>\n<p>Las ocho horas de entrenamiento diario no han sido suficientes para llegar al ciento por ciento del nivel de competencia y por eso aspira a encontrar una sede para concentrarse y completar el ciclo de formaci\u00f3n con la mirada puesta en los Juegos de R\u00edo de Janeiro 2016, y as\u00ed completar \u2018El sue\u00f1o Ol\u00edmpico\u2019.<\/p>\n<p>Los gobiernos departamental y municipal de unieron a varias empresas para decirle a Jossimar cu\u00e1nto valoran su trabajo. Y Calvo aprovech\u00f3 la ocasi\u00f3n de tener juntos al gobernador Edgar D\u00edaz, al alcalde Donamaris Ram\u00edrez y a representantes de las firmas privadas para repetirles hasta la saciedad que los gimnastas necesitan \u201capoyo, apoyo, apoyo\u201d.<\/p>\n<p>Pidi\u00f3 respaldo para sus compa\u00f1eros de equipo y para \u201clos ni\u00f1os que vienen detr\u00e1s\u201d, porque esos peque\u00f1os tienen \u2018el sue\u00f1o sudamericano\u2019 en la mente. \u201cQuiero que se abran m\u00e1s puertas\u201d para completar la preparaci\u00f3n y no pasar por esos momentos de angustia vividos en el pasado reciente.<\/p>\n<p>En los siguientes tres meses el trabajo se enfocar\u00e1 en la presentaci\u00f3n en el Mundial. Colombia, en este momento, ocupa el puesto 17. Para ir a los Ol\u00edmpicos, por lo menos, debe estar entre los 16 mejores. La meta es formar parte de los ocho primeros para asistir a R\u00edo de manera directa, de lo contrario debe buscar el cupo en otras competencias.<\/p>\n<p>\u201cEstoy contento por los resultados en Toronto\u201d, dijo Jossimar, porque \u201cmarcamos historia\u201d. Ahora, lo importante es conseguir ese \u201capoyo\u201d que tanto clama. \u201cNecesitamos concentrarnos, no importa d\u00f3nde sea\u201d, si en el pa\u00eds o en el exterior, lo que vale es que las administraciones regional y local hagan el aporte indispensable para cumplir esa nueva etapa sin estrechez econ\u00f3mica.<\/p>\n<p>El profesor Jairo Ruiz, entrenador sempiterno, record\u00f3 que hace muchos a\u00f1os en Colombia nadie daba nada por la gimnasia de Norte de Santander. El paso de los a\u00f1os ha servido para crear \u201cuna concepci\u00f3n de disciplina, entrega y profesionalismo\u201d que tiene como resultado el triunfo en cada torneo al que asisten los deportistas del departamento.<\/p>\n<p>En su hablar pausado, pero directo, les dijo a las m\u00e1ximas autoridades civiles y a los que manejan los recursos en las empresas que \u201clas placas, los diplomas y las medallas son buenas\u201d para los muchachos, porque recuerdan el resultado feliz del esfuerzo. Pero, se\u00f1al\u00f3 con sinceridad y honestidad, que esos j\u00f3venes \u201cdeben prepararse para el futuro\u201d y tener, ahora, el reconocimiento en pesos para cuando dejen la competencia.<\/p>\n<p>\u201cMerecemos los est\u00edmulos\u201d econ\u00f3micos, afirm\u00f3 Ruiz con plena seguridad. Como respuesta, el gobernador D\u00edaz record\u00f3 que los deportistas ganadores de medallas en los \u00faltimos Juegos Nacionales tienen subsidios. Y el alcalde Ram\u00edrez hizo cuentas de las inversiones en escenarios para fomentar el deporte. Jossimar les repiti\u00f3 que necesitan apoyo para sentirse motivados.<\/p>\n<p>Ciro Qui\u00f1ones, presidente de la Liga de Gimnasia de Norte de Santander, en tono emocionado dijo que ahora \u201ctodos quieren consentir a Jossimar\u201d. Y anunci\u00f3 que en los pr\u00f3ximos meses se har\u00e1 una gran gala \u201cpara que no les falte nada\u201d a los deportistas.<\/p>\n<p>El directivo tambi\u00e9n aprovech\u00f3 que ten\u00eda al frente al Gobernador y al Alcalde para hacerles un par de peticiones:<\/p>\n<p>1.- Adecuar el coliseo menor Eustorgio Colmenares, porque las goteras no dejan trabajar, y superar las incomodidades que soportan los gimnastas por compartir escenario con otras disciplinas.<\/p>\n<p>2.- Montar el Centro de Alto Rendimiento para que los muchachos trabajen bien. Y propuso que ese nuevo espacio lleve el nombre del campe\u00f3n panamericano como homenaje a lo conseguido y como motivaci\u00f3n para lo que vendr\u00e1.<\/p>\n<p>La respuesta de los gobernantes fue que analizar\u00e1n las propuestas, se sentar\u00e1n a mirar c\u00f3mo ayudan y luego tomar\u00e1n decisiones. Para que se cumplan esas intenciones solo quedan cinco meses.<\/p>\n<p><strong>RAFAEL ANTONIO PAB\u00d3N<\/strong><\/p>\n<p><strong><a href=\"mailto:rafaelpabon58@hotmail.com\">rafaelpabon58@hotmail.com<\/a><\/strong><\/p>\n<p><strong>Foto: PRENSA ALCALD\u00cdA DE C\u00daCUTA <\/strong> <\/p>\n","protected":false},"excerpt":{"rendered":"<p>C\u00daCUTA.- Veinticinco a\u00f1os atr\u00e1s, el sue\u00f1o de los gimnastas cucute\u00f1os estaba cifrado en alcanzar una medalla del orden nacional. Pasaron varias generaciones de deportistas y cada una aport\u00f3 para abrir el camino del \u00e9xito que disfrutan los miembros del equipo masculino de Norte de Santander. Hoy, la meta est\u00e1 puesta en una presea ol\u00edmpica y &hellip;<\/p>\n","protected":false},"author":1,"featured_media":24669,"comment_status":"open","ping_status":"open","sticky":false,"template":"","format":"standard","meta":{"footnotes":""},"categories":[28],"tags":[2398,755,2399,639,2132],"class_list":["post-24668","post","type-post","status-publish","format-standard","has-post-thumbnail","hentry","category-vistazo-deportivo","tag-sueno-olimpico","tag-ciro-quinones","tag-jairo-ruiz","tag-jossimar-calvo","tag-liga-de-gimnasia-de-norte-de-santander"],"_links":{"self":[{"href":"https:\/\/contraluzcucuta.co\/index.php?rest_route=\/wp\/v2\/posts\/24668","targetHints":{"allow":["GET"]}}],"collection":[{"href":"https:\/\/contraluzcucuta.co\/index.php?rest_route=\/wp\/v2\/posts"}],"about":[{"href":"https:\/\/contraluzcucuta.co\/index.php?rest_route=\/wp\/v2\/types\/post"}],"author":[{"embeddable":true,"href":"https:\/\/contraluzcucuta.co\/index.php?rest_route=\/wp\/v2\/users\/1"}],"replies":[{"embeddable":true,"href":"https:\/\/contraluzcucuta.co\/index.php?rest_route=%2Fwp%2Fv2%2Fcomments&post=24668"}],"version-history":[{"count":1,"href":"https:\/\/contraluzcucuta.co\/index.php?rest_route=\/wp\/v2\/posts\/24668\/revisions"}],"predecessor-version":[{"id":24670,"href":"https:\/\/contraluzcucuta.co\/index.php?rest_route=\/wp\/v2\/posts\/24668\/revisions\/24670"}],"wp:featuredmedia":[{"embeddable":true,"href":"https:\/\/contraluzcucuta.co\/index.php?rest_route=\/wp\/v2\/media\/24669"}],"wp:attachment":[{"href":"https:\/\/contraluzcucuta.co\/index.php?rest_route=%2Fwp%2Fv2%2Fmedia&parent=24668"}],"wp:term":[{"taxonomy":"category","embeddable":true,"href":"https:\/\/contraluzcucuta.co\/index.php?rest_route=%2Fwp%2Fv2%2Fcategories&post=24668"},{"taxonomy":"post_tag","embeddable":true,"href":"https:\/\/contraluzcucuta.co\/index.php?rest_route=%2Fwp%2Fv2%2Ftags&post=24668"}],"curies":[{"name":"wp","href":"https:\/\/api.w.org\/{rel}","templated":true}]}}