{"id":24658,"date":"2015-07-21T06:31:48","date_gmt":"2015-07-21T11:31:48","guid":{"rendered":"http:\/\/contraluzcucuta.co\/?p=24658"},"modified":"2015-07-23T16:23:02","modified_gmt":"2015-07-23T21:23:02","slug":"desfile-del-20-de-julio-fecha-patria-para-amar-a-colombia-y-respetar-la-ciudad","status":"publish","type":"post","link":"https:\/\/contraluzcucuta.co\/?p=24658","title":{"rendered":"DESFILE DEL 20 DE JULIO. Fecha patria para amar a colombia y respetar la ciudad"},"content":{"rendered":"<p><strong>C\u00daCUTA.-<\/strong> \u201cEsta es una fecha patria para amar a Colombia y respetar la ciudad donde vivimos. Ser c\u00edvico y ser patri\u00f3tico, es cuidar los parques, amar los ni\u00f1os, la familia. Ser c\u00edvico es entender que tenemos un compromiso con la ciudad\u201d, dijo el Alcalde de C\u00facuta, Donamaris Ram\u00edrez en la conmemoraci\u00f3n del D\u00eda de la Independencia.<\/p>\n<p>En el desfile, que se llev\u00f3 a cabo en la avenida Los Libertadores, desde la glorieta del antiguo DAS hasta el puente de guadua, en la glorieta Arnulfo Brice\u00f1o, no participaron los colegios oficiales y privados por razones de seguridad invocadas por la fuerza p\u00fablica.<\/p>\n<p>El colorido y la elegancia de hombres y mujeres que llevan las armas de la rep\u00fablica y de otros organismos invitados avivaron los sentimientos de patriotismo en la ciudadan\u00eda que sali\u00f3 masivamente para aplaudirlos.<\/p>\n<p>En el parque de Los Pr\u00f3ceres, sector Las Cascadas, autoridades civiles y militares de la ciudad y el departamento, y el c\u00f3nsul de la Rep\u00fablica Bolivariana de Venezuela, rindieron honores y pusieron ofrendas florales en las estatuas del libertador Sim\u00f3n Bol\u00edvar y del general Francisco de Paula Santander, fundador civil de la Rep\u00fablica. La ceremonia se cumpli\u00f3 previa al desfile que a\u00f1o a a\u00f1o esperan los cucute\u00f1os.<\/p>\n<p>El Alcalde envi\u00f3 el mensaje a las fuerzas militares y dijo que \u201chacen un gran pa\u00eds, una gran naci\u00f3n que todos llevamos en el coraz\u00f3n\u201d y destac\u00f3 la permanente comunicaci\u00f3n y el respaldo del Ej\u00e9rcito, en particular para tareas de seguridad en las \u00e1reas rurales de C\u00facuta.<\/p>\n<p>Este a\u00f1o la novedad del desfile fue la presentaci\u00f3n de la nueva m\u00e1quina de los bomberos adquirida en Estados Unidos, \u00a0que despleg\u00f3 la escalera para que unidades del organismo de socorro descendieran a rapel desde la canasta.<\/p>\n<p>Tambi\u00e9n, llamaron la atenci\u00f3n el constante sobrevolar de los drones que acompa\u00f1aron el recorrido de los bloques del desfile, encabezado por el Ej\u00e9rcito y seguidos por la Polic\u00eda, Inpec, Defensa Civil Colombiana, Bomberos Voluntarios y Scouts.<\/p>\n<p>El clima, fue benigno y facilit\u00f3 le presencia masiva de los cucute\u00f1os, que esperan cada a\u00f1o el tradicional desfile del grito de independencia, para revalidar el amor patrio y el respeto por sus instituciones democr\u00e1ticas.<\/p>\n<p>Foto: PRENSA ALCALD\u00cdA DE C\u00daCUTA <\/p>\n","protected":false},"excerpt":{"rendered":"<p>C\u00daCUTA.- \u201cEsta es una fecha patria para amar a Colombia y respetar la ciudad donde vivimos. Ser c\u00edvico y ser patri\u00f3tico, es cuidar los parques, amar los ni\u00f1os, la familia. Ser c\u00edvico es entender que tenemos un compromiso con la ciudad\u201d, dijo el Alcalde de C\u00facuta, Donamaris Ram\u00edrez en la conmemoraci\u00f3n del D\u00eda de la &hellip;<\/p>\n","protected":false},"author":1,"featured_media":24659,"comment_status":"open","ping_status":"open","sticky":false,"template":"","format":"standard","meta":{"footnotes":""},"categories":[7,541,36],"tags":[95,2395,2394],"class_list":["post-24658","post","type-post","status-publish","format-standard","has-post-thumbnail","hentry","category-acontecimientos","category-ciudad","category-la-voz-del-pueblo","tag-20-de-julio","tag-desfile-militar-en-cucuta","tag-dia-de-la-independencia"],"_links":{"self":[{"href":"https:\/\/contraluzcucuta.co\/index.php?rest_route=\/wp\/v2\/posts\/24658","targetHints":{"allow":["GET"]}}],"collection":[{"href":"https:\/\/contraluzcucuta.co\/index.php?rest_route=\/wp\/v2\/posts"}],"about":[{"href":"https:\/\/contraluzcucuta.co\/index.php?rest_route=\/wp\/v2\/types\/post"}],"author":[{"embeddable":true,"href":"https:\/\/contraluzcucuta.co\/index.php?rest_route=\/wp\/v2\/users\/1"}],"replies":[{"embeddable":true,"href":"https:\/\/contraluzcucuta.co\/index.php?rest_route=%2Fwp%2Fv2%2Fcomments&post=24658"}],"version-history":[{"count":1,"href":"https:\/\/contraluzcucuta.co\/index.php?rest_route=\/wp\/v2\/posts\/24658\/revisions"}],"predecessor-version":[{"id":24660,"href":"https:\/\/contraluzcucuta.co\/index.php?rest_route=\/wp\/v2\/posts\/24658\/revisions\/24660"}],"wp:featuredmedia":[{"embeddable":true,"href":"https:\/\/contraluzcucuta.co\/index.php?rest_route=\/wp\/v2\/media\/24659"}],"wp:attachment":[{"href":"https:\/\/contraluzcucuta.co\/index.php?rest_route=%2Fwp%2Fv2%2Fmedia&parent=24658"}],"wp:term":[{"taxonomy":"category","embeddable":true,"href":"https:\/\/contraluzcucuta.co\/index.php?rest_route=%2Fwp%2Fv2%2Fcategories&post=24658"},{"taxonomy":"post_tag","embeddable":true,"href":"https:\/\/contraluzcucuta.co\/index.php?rest_route=%2Fwp%2Fv2%2Ftags&post=24658"}],"curies":[{"name":"wp","href":"https:\/\/api.w.org\/{rel}","templated":true}]}}