{"id":24642,"date":"2015-07-17T16:43:08","date_gmt":"2015-07-17T21:43:08","guid":{"rendered":"http:\/\/contraluzcucuta.co\/?p=24642"},"modified":"2015-07-17T16:43:08","modified_gmt":"2015-07-17T21:43:08","slug":"jossimar-calvo-el-motilon-dorado-de-los-panamericanos","status":"publish","type":"post","link":"https:\/\/contraluzcucuta.co\/?p=24642","title":{"rendered":"JOSSIMAR CALVO. \u2018El motil\u00f3n dorado\u2019 de los Panamericanos"},"content":{"rendered":"<p>El cucute\u00f1o Jossimar Calvo Moreno regres\u00f3 a Colombia cargado de oro. El gimnasta represent\u00f3 al pa\u00eds en los Juegos Panamericanos de Toronto y dej\u00f3 el tricolor nacional en lo m\u00e1s alto del podio. En esta nueva conquista cont\u00f3 con la compa\u00f1\u00eda del entrenador Jairo Ruiz.<\/p>\n<p>Tres preseas doradas y dos de bronce, gan\u00f3 \u2018el motil\u00f3n\u2019 \u00a0para consolidarse como la figura de la misi\u00f3n colombiana en las justas. Los triunfos le permitieron \u00a0ratificarse como el mejor en el ranquin mundial. El talentoso deportista rojinegro cumplir\u00e1 21 a\u00f1os el 22 de julio.<\/p>\n<p>Calvo Moreno, con coraz\u00f3n, esfuerzo, disciplina, gallard\u00eda y formaci\u00f3n deportiva y familiar, ha crecido para bien propio y del de la bandera tricolor en los escenarios donde hace presencia, por la tenacidad y el coraje del ilustre hijo de C\u00facuta.<\/p>\n<p>Los m\u00e1s recientes logros y el perfil ganador lo dejan ver como uno de los deportistas con mayor oportunidad dentro del ciclo ol\u00edmpico y los grandes torneos internacionales de la gimnasia.<\/p>\n<p>El entrenador Jairo Ruiz dijo que \u201ccuando salimos de Colombia quer\u00edamos ubicar nuestro equipo en el podio\u201d. Reconoci\u00f3 el sacrificio y la constancia de los deportistas para derrotar a los llegados de Cuba, Estados Unidos y Puerto Rico, potencias en esta disciplina. \u201cSuperamos, ampliamente, la actuaci\u00f3n de hace cuatro a\u00f1os y ahora se viene otro reto, la concentraci\u00f3n del equipo para la Copa Mundo y posteriormente la Olimpiada\u201d.<\/p>\n<p>Jossimar Calvo dijo que \u00a0las medallas alcanzadas en Toronto tienen un gran significado, por lo que se siente orgulloso. \u201cUna gran sensaci\u00f3n grande portar la camisa de Colombia. Venir y representarla ac\u00e1 en los Juegos Panamericanos\u2026 dar lo mejor y gracias a Dios se han dado buenos resultados para Colombia\u201d.<\/p>\n<p>El largo trabajo, que comenz\u00f3 al finalizar los pasados Juegos Panamericanos, lo llev\u00f3 por cuatro a\u00f1os de preparaci\u00f3n en competencias internacionales. \u201cHe intentado dar los mejores t\u00edtulos para en las competencias grandes sentirme confiado, m\u00e1s enfocado en los resultados\u201d.<\/p>\n<p>Las medallas doradas las obtuvo en barras paralelas, con 15.700 puntos;\u00a0 barra fija, con 15.700 puntos, y\u00a0 caballo con arzones, con 15.025 puntos. El bronce lo gan\u00f3 la clasificaci\u00f3n por equipos y general individual, con 89.400 puntos.<\/p>\n<p>Foto: Internet<\/p>\n<p>&nbsp; <\/p>\n","protected":false},"excerpt":{"rendered":"<p>El cucute\u00f1o Jossimar Calvo Moreno regres\u00f3 a Colombia cargado de oro. El gimnasta represent\u00f3 al pa\u00eds en los Juegos Panamericanos de Toronto y dej\u00f3 el tricolor nacional en lo m\u00e1s alto del podio. En esta nueva conquista cont\u00f3 con la compa\u00f1\u00eda del entrenador Jairo Ruiz. Tres preseas doradas y dos de bronce, gan\u00f3 \u2018el motil\u00f3n\u2019 &hellip;<\/p>\n","protected":false},"author":1,"featured_media":24643,"comment_status":"open","ping_status":"open","sticky":false,"template":"","format":"standard","meta":{"footnotes":""},"categories":[28],"tags":[2393,639,2392],"class_list":["post-24642","post","type-post","status-publish","format-standard","has-post-thumbnail","hentry","category-vistazo-deportivo","tag-gimnasia-colombiana","tag-jossimar-calvo","tag-juegos-panamericanos"],"_links":{"self":[{"href":"https:\/\/contraluzcucuta.co\/index.php?rest_route=\/wp\/v2\/posts\/24642","targetHints":{"allow":["GET"]}}],"collection":[{"href":"https:\/\/contraluzcucuta.co\/index.php?rest_route=\/wp\/v2\/posts"}],"about":[{"href":"https:\/\/contraluzcucuta.co\/index.php?rest_route=\/wp\/v2\/types\/post"}],"author":[{"embeddable":true,"href":"https:\/\/contraluzcucuta.co\/index.php?rest_route=\/wp\/v2\/users\/1"}],"replies":[{"embeddable":true,"href":"https:\/\/contraluzcucuta.co\/index.php?rest_route=%2Fwp%2Fv2%2Fcomments&post=24642"}],"version-history":[{"count":1,"href":"https:\/\/contraluzcucuta.co\/index.php?rest_route=\/wp\/v2\/posts\/24642\/revisions"}],"predecessor-version":[{"id":24644,"href":"https:\/\/contraluzcucuta.co\/index.php?rest_route=\/wp\/v2\/posts\/24642\/revisions\/24644"}],"wp:featuredmedia":[{"embeddable":true,"href":"https:\/\/contraluzcucuta.co\/index.php?rest_route=\/wp\/v2\/media\/24643"}],"wp:attachment":[{"href":"https:\/\/contraluzcucuta.co\/index.php?rest_route=%2Fwp%2Fv2%2Fmedia&parent=24642"}],"wp:term":[{"taxonomy":"category","embeddable":true,"href":"https:\/\/contraluzcucuta.co\/index.php?rest_route=%2Fwp%2Fv2%2Fcategories&post=24642"},{"taxonomy":"post_tag","embeddable":true,"href":"https:\/\/contraluzcucuta.co\/index.php?rest_route=%2Fwp%2Fv2%2Ftags&post=24642"}],"curies":[{"name":"wp","href":"https:\/\/api.w.org\/{rel}","templated":true}]}}