{"id":24639,"date":"2015-07-17T16:13:44","date_gmt":"2015-07-17T21:13:44","guid":{"rendered":"http:\/\/contraluzcucuta.co\/?p=24639"},"modified":"2015-07-17T16:13:44","modified_gmt":"2015-07-17T21:13:44","slug":"candidata-a-la-gobernacion-judith-maldonado-construye-programa-de-gobierno","status":"publish","type":"post","link":"https:\/\/contraluzcucuta.co\/?p=24639","title":{"rendered":"CANDIDATA A LA GOBERNACI\u00d3N. Judith Maldonado construye programa de gobierno"},"content":{"rendered":"<p><strong>C\u00daCUTA.-<\/strong> Judith Maldonado Mojica abogada defensora de los derechos humanos adelant\u00f3 en Pamplona, C\u00facuta, Villa del \u00a0Rosario y Los Patios reuniones de di\u00e1logo social con representantes de \u00a0v\u00edctimas, estudiantes, trasportadores, afrodescendientes, mujeres, ambientalistas, docentes, tercera edad, LGBTI, recuperadores, comercio de alimentos, artistas\u00a0 y comunidad.<\/p>\n<p>Cada sector manifest\u00f3 los problemas de los municipios y se generaron propuestas para la construcci\u00f3n del plan de gobierno\u00a0 que contribuya con el &#8211; desarrollo del departamento en los distintos aspectos.<\/p>\n<p>En los di\u00e1logos se detectaron las siguientes necesidades:<\/p>\n<p>1.- Pamplona<\/p>\n<p>&#8211; Inconformismo \u00a0por desatenci\u00f3n por parte del Estado a las v\u00edctimas, falta de atenci\u00f3n a la poblaci\u00f3n con discapacidad, problema ambiental generado por la cantidad de basura acumulada a diario, mal estado de las v\u00edas, falta de programas orientados hacia la cultura y entretenimiento para j\u00f3venes,\u00a0 falta de la unidad de cuidados intensivos en el hospital y fortalecimiento en el campo investigativo y educativo de la Universidad de Pamplona.<\/p>\n<p>Surgieron propuestas para\u00a0 la construcci\u00f3n de una planta de reciclaje en el municipio, el desarrollo de la industria para el aprovechamiento de productos \u00a0tra\u00eddos de corregimientos y municipios aleda\u00f1os, y la construcci\u00f3n de un centro para la atenci\u00f3n del adulto mayor.<\/p>\n<p>2.- \u00a0C\u00facuta<\/p>\n<p>&#8211; Asuntos medioambiental de la ciudad, abandono por parte de la administraci\u00f3n municipal,\u00a0 situaci\u00f3n de empleo, poca inversi\u00f3n en las comunidades perif\u00e9ricas y ausencia de programas en atenci\u00f3n a la salud y recreaci\u00f3n de las personas de la tercera edad.\u00a0Las propuestas tuvieron que ver con el alto \u00edndice de \u00a0desempleo.<\/p>\n<p>3.- Villa del Rosario<\/p>\n<p>&#8211; Urgente necesidad de\u00a0 reducir\u00a0 el problema social que se ve reflejado en los constantes hechos de violencia que involucran a la juventud rosariense. Garantizar el derecho a la educaci\u00f3n, falta de suministro de agua potable y alcantarillado. Se dieron varios aportes en cuanto a cultura, deporte y juventud.<\/p>\n<p>4.- Los Patios<\/p>\n<p>&#8211; Abandono de la poblaci\u00f3n de la tercera edad, falta de seguridad en las zonas de dif\u00edcil acceso, altas tasas de desempleo. Se hicieron propuestas para la creaci\u00f3n de un centro de abastos para satisfacer las demandas de las tiendas y supermercados, la construcci\u00f3n de un centro recreativo y de entretenimiento para la promoci\u00f3n del deporte, la cultura y la recreaci\u00f3n\u00a0 y la capacitaci\u00f3n\u00a0 en cursos cortos para mujeres, j\u00f3venes y poblaci\u00f3n que quiera ocupar el tiempo libre en algo productivo.<\/p>\n<p><strong>Foto: PRENSA DE LA CAMPA\u00d1A<\/strong><\/p>\n<p>&nbsp; <\/p>\n","protected":false},"excerpt":{"rendered":"<p>C\u00daCUTA.- Judith Maldonado Mojica abogada defensora de los derechos humanos adelant\u00f3 en Pamplona, C\u00facuta, Villa del \u00a0Rosario y Los Patios reuniones de di\u00e1logo social con representantes de \u00a0v\u00edctimas, estudiantes, trasportadores, afrodescendientes, mujeres, ambientalistas, docentes, tercera edad, LGBTI, recuperadores, comercio de alimentos, artistas\u00a0 y comunidad. Cada sector manifest\u00f3 los problemas de los municipios y se generaron &hellip;<\/p>\n","protected":false},"author":1,"featured_media":24640,"comment_status":"open","ping_status":"open","sticky":false,"template":"","format":"standard","meta":{"footnotes":""},"categories":[9],"tags":[2205,2321],"class_list":["post-24639","post","type-post","status-publish","format-standard","has-post-thumbnail","hentry","category-politica","tag-candidata-a-la-gobernacion","tag-judith-maldonado"],"_links":{"self":[{"href":"https:\/\/contraluzcucuta.co\/index.php?rest_route=\/wp\/v2\/posts\/24639","targetHints":{"allow":["GET"]}}],"collection":[{"href":"https:\/\/contraluzcucuta.co\/index.php?rest_route=\/wp\/v2\/posts"}],"about":[{"href":"https:\/\/contraluzcucuta.co\/index.php?rest_route=\/wp\/v2\/types\/post"}],"author":[{"embeddable":true,"href":"https:\/\/contraluzcucuta.co\/index.php?rest_route=\/wp\/v2\/users\/1"}],"replies":[{"embeddable":true,"href":"https:\/\/contraluzcucuta.co\/index.php?rest_route=%2Fwp%2Fv2%2Fcomments&post=24639"}],"version-history":[{"count":1,"href":"https:\/\/contraluzcucuta.co\/index.php?rest_route=\/wp\/v2\/posts\/24639\/revisions"}],"predecessor-version":[{"id":24641,"href":"https:\/\/contraluzcucuta.co\/index.php?rest_route=\/wp\/v2\/posts\/24639\/revisions\/24641"}],"wp:featuredmedia":[{"embeddable":true,"href":"https:\/\/contraluzcucuta.co\/index.php?rest_route=\/wp\/v2\/media\/24640"}],"wp:attachment":[{"href":"https:\/\/contraluzcucuta.co\/index.php?rest_route=%2Fwp%2Fv2%2Fmedia&parent=24639"}],"wp:term":[{"taxonomy":"category","embeddable":true,"href":"https:\/\/contraluzcucuta.co\/index.php?rest_route=%2Fwp%2Fv2%2Fcategories&post=24639"},{"taxonomy":"post_tag","embeddable":true,"href":"https:\/\/contraluzcucuta.co\/index.php?rest_route=%2Fwp%2Fv2%2Ftags&post=24639"}],"curies":[{"name":"wp","href":"https:\/\/api.w.org\/{rel}","templated":true}]}}