{"id":24636,"date":"2015-07-17T15:49:35","date_gmt":"2015-07-17T20:49:35","guid":{"rendered":"http:\/\/contraluzcucuta.co\/?p=24636"},"modified":"2015-07-17T15:49:35","modified_gmt":"2015-07-17T20:49:35","slug":"candidato-a-la-alcaldia-acevedo-agradece-apoyo-de-los-cucutenos","status":"publish","type":"post","link":"https:\/\/contraluzcucuta.co\/?p=24636","title":{"rendered":"CANDIDATO A LA ALCALD\u00cdA. Acevedo agradece apoyo de los cucute\u00f1os"},"content":{"rendered":"<p><strong>C\u00daCUTA.-<\/strong> El grupo significativo de ciudadanos \u2018Todos por C\u00facuta\u2019, encabezado por Jorge Acevedo, agradeci\u00f3 a los 123.000 cucute\u00f1os por la colaboraci\u00f3n y la aceptaci\u00f3n en el proceso de recolecci\u00f3n de firmas, para inscribirse \u00a0como candidato a la alcald\u00eda de C\u00facuta, para el periodo 2016-2019.<\/p>\n<p>Acevedo resalt\u00f3 la labor de los conductores que ayudaron con el trasporte y el trabajo de los facilitadores y coordinadores en la semana de inscripciones, en la que miles de cucute\u00f1os inscribieron la c\u00e9dula en los diferentes puestos de votaci\u00f3n de la ciudad.<\/p>\n<p>La candidatura de Jorge Acevedo tendr\u00e1 como base fundamental las clases populares. La Constituci\u00f3n Nacional y la Ley permiten al ingeniero Acevedo inscribirse por coalici\u00f3n, para dar participaci\u00f3n democr\u00e1tica a quienes deseen hacer parte del programa de gobierno y la ejecuci\u00f3n desde la alcald\u00eda de C\u00facuta.<\/p>\n<p>Jorge Acevedo invit\u00f3 a gremios, partidos pol\u00edticos, organizaciones sociales y comunitarias con el fin de hacer un programa coincidente que permita el desarrollo y un gobierno confiable para C\u00facuta.<\/p>\n<p>En los \u00faltimos d\u00edas diferentes fuerzas pol\u00edticas y Acevedo dialogaron con el objetivo de construir una estrategia de desarrollo que posibilite la trasformaci\u00f3n social y econ\u00f3mica de la ciudad, teniendo como protagonistas principales a los cucute\u00f1os que creyeron y firmaron para apoyar el grupo significativo de ciudadanos \u2018Todos por C\u00facuta\u2019.<\/p>\n<p>Jorge Acevedo invit\u00f3 a los simpatizantes a redoblar esfuerzos y a trabajar unidos para obtener los mejores resultados, el 25 de octubre, y un mandato popular en beneficio de los ciudadanos.<\/p>\n<p><strong>Foto: PRENSA DE LA CAMPA\u00d1A<\/strong><\/p>\n<p>&nbsp; <\/p>\n","protected":false},"excerpt":{"rendered":"<p>C\u00daCUTA.- El grupo significativo de ciudadanos \u2018Todos por C\u00facuta\u2019, encabezado por Jorge Acevedo, agradeci\u00f3 a los 123.000 cucute\u00f1os por la colaboraci\u00f3n y la aceptaci\u00f3n en el proceso de recolecci\u00f3n de firmas, para inscribirse \u00a0como candidato a la alcald\u00eda de C\u00facuta, para el periodo 2016-2019. Acevedo resalt\u00f3 la labor de los conductores que ayudaron con el &hellip;<\/p>\n","protected":false},"author":1,"featured_media":24637,"comment_status":"open","ping_status":"open","sticky":false,"template":"","format":"standard","meta":{"footnotes":""},"categories":[9],"tags":[108,110],"class_list":["post-24636","post","type-post","status-publish","format-standard","has-post-thumbnail","hentry","category-politica","tag-candidato-a-la-alcaldia-de-cucuta","tag-jorge-acevedo-penaloza"],"_links":{"self":[{"href":"https:\/\/contraluzcucuta.co\/index.php?rest_route=\/wp\/v2\/posts\/24636","targetHints":{"allow":["GET"]}}],"collection":[{"href":"https:\/\/contraluzcucuta.co\/index.php?rest_route=\/wp\/v2\/posts"}],"about":[{"href":"https:\/\/contraluzcucuta.co\/index.php?rest_route=\/wp\/v2\/types\/post"}],"author":[{"embeddable":true,"href":"https:\/\/contraluzcucuta.co\/index.php?rest_route=\/wp\/v2\/users\/1"}],"replies":[{"embeddable":true,"href":"https:\/\/contraluzcucuta.co\/index.php?rest_route=%2Fwp%2Fv2%2Fcomments&post=24636"}],"version-history":[{"count":1,"href":"https:\/\/contraluzcucuta.co\/index.php?rest_route=\/wp\/v2\/posts\/24636\/revisions"}],"predecessor-version":[{"id":24638,"href":"https:\/\/contraluzcucuta.co\/index.php?rest_route=\/wp\/v2\/posts\/24636\/revisions\/24638"}],"wp:featuredmedia":[{"embeddable":true,"href":"https:\/\/contraluzcucuta.co\/index.php?rest_route=\/wp\/v2\/media\/24637"}],"wp:attachment":[{"href":"https:\/\/contraluzcucuta.co\/index.php?rest_route=%2Fwp%2Fv2%2Fmedia&parent=24636"}],"wp:term":[{"taxonomy":"category","embeddable":true,"href":"https:\/\/contraluzcucuta.co\/index.php?rest_route=%2Fwp%2Fv2%2Fcategories&post=24636"},{"taxonomy":"post_tag","embeddable":true,"href":"https:\/\/contraluzcucuta.co\/index.php?rest_route=%2Fwp%2Fv2%2Ftags&post=24636"}],"curies":[{"name":"wp","href":"https:\/\/api.w.org\/{rel}","templated":true}]}}