{"id":24633,"date":"2015-07-17T15:38:31","date_gmt":"2015-07-17T20:38:31","guid":{"rendered":"http:\/\/contraluzcucuta.co\/?p=24633"},"modified":"2015-07-17T15:38:31","modified_gmt":"2015-07-17T20:38:31","slug":"candidato-a-la-alcaldia-movilidad-y-seguridad-prioridades-para-taxistas","status":"publish","type":"post","link":"https:\/\/contraluzcucuta.co\/?p=24633","title":{"rendered":"CANDIDATO A LA ALCALD\u00cdA. Movilidad y seguridad, prioridades para taxistas"},"content":{"rendered":"<p><strong>C\u00daCUTA.-<\/strong> La celebraci\u00f3n del D\u00eda de la Virgen del Carmen, el 16 de julio, le permiti\u00f3 al candidato a la alcald\u00eda de C\u00facuta por el Partido Liberal y el Partido de la U, Carlos Luna, compartir con miembros de Asociaciones de Conductores de\u00a0 Taxis de la Terminal y taxistas vinculados a empresas de diferentes sectores de la ciudad. En el di\u00e1logo con los conductores se traz\u00f3 el esquema con el que busca garantizar la movilidad y vincularlos al Plan Municipal de Seguridad.<\/p>\n<p>El aumento en los cupos para la circulaci\u00f3n de taxis registrado en los \u00faltimos a\u00f1os en El Zulia, Villa del Rosario y Los Patios, dificultades para la implementaci\u00f3n del censo y la entrada en funcionamiento de la tarjeta de operaci\u00f3n Metropolitana fueron compartidos con el candidato.<\/p>\n<p>Luna destac\u00f3 la importancia de incluirlos a iniciativas para la recuperaci\u00f3n de la movilidad. \u201cLos amigos taxistas son un term\u00f3metro importante en nuestra ciudad y ser\u00e1n nuestros aliados para definir e implementar pol\u00edticas de movilidad que retomen confianza en la autoridad y destinen recursos para semaforizaci\u00f3n, se\u00f1alizaci\u00f3n, recuperaci\u00f3n de la infraestructura vial y campa\u00f1as de educaci\u00f3n vial\u201d.<\/p>\n<p>La revisi\u00f3n del esquema \u2018pico y placa\u2019 fue anunciada a partir de un estudio t\u00e9cnico que defina la efectividad del cuadrante zona centro para los veh\u00edculos tipo taxi, vinculando las empresas.<\/p>\n<p><strong>Foto: PRENSA DE LA CAMPA\u00d1A<\/strong><\/p>\n<p>&nbsp; <\/p>\n","protected":false},"excerpt":{"rendered":"<p>C\u00daCUTA.- La celebraci\u00f3n del D\u00eda de la Virgen del Carmen, el 16 de julio, le permiti\u00f3 al candidato a la alcald\u00eda de C\u00facuta por el Partido Liberal y el Partido de la U, Carlos Luna, compartir con miembros de Asociaciones de Conductores de\u00a0 Taxis de la Terminal y taxistas vinculados a empresas de diferentes sectores &hellip;<\/p>\n","protected":false},"author":1,"featured_media":24634,"comment_status":"open","ping_status":"open","sticky":false,"template":"","format":"standard","meta":{"footnotes":""},"categories":[9],"tags":[108,1592],"class_list":["post-24633","post","type-post","status-publish","format-standard","has-post-thumbnail","hentry","category-politica","tag-candidato-a-la-alcaldia-de-cucuta","tag-carlos-luna"],"_links":{"self":[{"href":"https:\/\/contraluzcucuta.co\/index.php?rest_route=\/wp\/v2\/posts\/24633","targetHints":{"allow":["GET"]}}],"collection":[{"href":"https:\/\/contraluzcucuta.co\/index.php?rest_route=\/wp\/v2\/posts"}],"about":[{"href":"https:\/\/contraluzcucuta.co\/index.php?rest_route=\/wp\/v2\/types\/post"}],"author":[{"embeddable":true,"href":"https:\/\/contraluzcucuta.co\/index.php?rest_route=\/wp\/v2\/users\/1"}],"replies":[{"embeddable":true,"href":"https:\/\/contraluzcucuta.co\/index.php?rest_route=%2Fwp%2Fv2%2Fcomments&post=24633"}],"version-history":[{"count":1,"href":"https:\/\/contraluzcucuta.co\/index.php?rest_route=\/wp\/v2\/posts\/24633\/revisions"}],"predecessor-version":[{"id":24635,"href":"https:\/\/contraluzcucuta.co\/index.php?rest_route=\/wp\/v2\/posts\/24633\/revisions\/24635"}],"wp:featuredmedia":[{"embeddable":true,"href":"https:\/\/contraluzcucuta.co\/index.php?rest_route=\/wp\/v2\/media\/24634"}],"wp:attachment":[{"href":"https:\/\/contraluzcucuta.co\/index.php?rest_route=%2Fwp%2Fv2%2Fmedia&parent=24633"}],"wp:term":[{"taxonomy":"category","embeddable":true,"href":"https:\/\/contraluzcucuta.co\/index.php?rest_route=%2Fwp%2Fv2%2Fcategories&post=24633"},{"taxonomy":"post_tag","embeddable":true,"href":"https:\/\/contraluzcucuta.co\/index.php?rest_route=%2Fwp%2Fv2%2Ftags&post=24633"}],"curies":[{"name":"wp","href":"https:\/\/api.w.org\/{rel}","templated":true}]}}