{"id":24630,"date":"2015-07-17T15:23:29","date_gmt":"2015-07-17T20:23:29","guid":{"rendered":"http:\/\/contraluzcucuta.co\/?p=24630"},"modified":"2015-07-21T18:38:56","modified_gmt":"2015-07-21T23:38:56","slug":"puente-enrique-cuadros-hace-tres-anos-esta-al-servicio-de-la-frontera","status":"publish","type":"post","link":"https:\/\/contraluzcucuta.co\/?p=24630","title":{"rendered":"PUENTE \u2018ENRIQUE CUADROS\u2019. Hace tres a\u00f1os est\u00e1 al servicio de la frontera"},"content":{"rendered":"<p><strong>C\u00daCUTA.-<\/strong> El puente \u2018Enrique Cuadros\u2019, sobre la Avenida del R\u00edo, une el Casd Mar\u00eda Concepci\u00f3n Loperena, la urbanizaci\u00f3n Manolo Lemus, el barrio San Eduardo y la avenida Los Libertadores con Prados del Este y el anillo vial oriental. Tras la habilitaci\u00f3n, hace tres a\u00f1os, se ha mejorado la circulaci\u00f3n vehicular y se ha proyectado el sector como polo de desarrollo a corto plazo.<\/p>\n<p>La obra vial se levant\u00f3 sobre el estrat\u00e9gico punto conocido por los constructores como el \u2018Tri\u00e1ngulo de Oro\u2019. En el lugar se proyecta la construcci\u00f3n de un centro comercial y ha permitido la ejecuci\u00f3n de programas de vivienda.<\/p>\n<p>En un comienzo, el paso elevado se llam\u00f3 \u2018La Gazapa\u2019. Los trabajos iniciaron en la administraci\u00f3n de Ramiro Su\u00e1rez, continuaron en la alcald\u00eda de Mar\u00eda Eugenia Riascos y se \u00a0termin\u00f3 por gesti\u00f3n de Donamaris Ram\u00edrez. El gobierno municipal actual aport\u00f3 el 70 por ciento de los $ 18.500 millones que cost\u00f3, luego de seis a\u00f1os de penurias e incertidumbre sobre la continuaci\u00f3n de los trabajos.<\/p>\n<p>El puente tiene una longitud de 240 metros. La obra incluy\u00f3 el canal de aguas lluvias para proteger el pavimento y evitar inundaciones, v\u00edas adyacentes (orejas) y la iluminaci\u00f3n LED, cuyo costo aproximado fue de $800 millones.<\/p>\n<p><strong>REGLAMENTAN CIRCULACI\u00d3N DE MOTOS<\/strong><\/p>\n<p>Para crear mejores condiciones de fluidez vehicular y seguridad, y reducir los \u00edndices de accidentalidad, relacionados con la circulaci\u00f3n de motos, motocarros, tricimotos y cuatrimotos, la administraci\u00f3n municipal expidi\u00f3 el Decreto 0434 de 2015.Las disposiciones son las siguientes:<\/p>\n<p>1.- En el horario comprendido entre las 11:00 de la noche y las 5:00 de la ma\u00f1ana queda prohibida la movilizaci\u00f3n de motos, motocarros, tricimotos y cuatrimotos, durante todos los d\u00edas de la semana<\/p>\n<p>2.- Prohibido la circulaci\u00f3n y el tr\u00e1nsito de motocicletas, motocarros, tricimotos y cuatrimotos durante las 24 horas del d\u00eda con acompa\u00f1ante hombre. Se except\u00faa a motociclistas de la fuerza p\u00fablica, personal de seguridad de las entidades del Estado, miembros de los organismos de socorro y escoltas debidamente registrados en la Superintendencia de Vigilancia y Seguridad.<\/p>\n<p>3.- Los que quieran transitar o movilizarse en el horario de restricci\u00f3n, deber\u00e1n tramitar ante la secretar\u00eda de Tr\u00e1nsito y Trasporte, conforme a la reglamentaci\u00f3n y pago de los derechos fijados.<\/p>\n<p>4.- Se limita durante las 24 horas del d\u00eda, la conducci\u00f3n o el acompa\u00f1amiento de mujeres en estado de embarazo y ni\u00f1os menores de 10 a\u00f1os que no alcancen a apoyar los pies en la motocicleta. Los menores entre 10 y 14 a\u00f1os, podr\u00e1n trasportarse como parrilleros, siempre que \u00a0transiten acompa\u00f1ados de adultos responsables.<\/p>\n<p>5.- Se restringe el tr\u00e1nsito de tricimotos y cuatrimotos por v\u00edas arterias, semiarterias, avenidas, calles c\u00e9ntricas y sectores comerciales de la ciudad.<\/p>\n<p>6.- Se proh\u00edbe estacionar en espacio p\u00fablico o sobre andenes destinados para peatones, sitios de recreaci\u00f3n o conservaci\u00f3n, en puentes, zonas de seguridad, en doble fila de veh\u00edculos estacionados o frente a hidrantes o entradas de garaje no est\u00e1 permitido, para motocicletas, mototriciclos, cuatrimotos y motocarros.<\/p>\n<p>7.- El conductor que infrinja las normas ser\u00e1 objeto de sanciones pecuniarias e inmovilizaci\u00f3n. Las medidas que se establecen podr\u00edan ser modificadas en atenci\u00f3n al cumplimiento y la reducci\u00f3n de accidentalidad.<\/p>\n<p><strong>Foto: PRENSA ALCALD\u00cdA DE C\u00daCUTA<\/strong><\/p>\n<p>&nbsp; <\/p>\n","protected":false},"excerpt":{"rendered":"<p>C\u00daCUTA.- El puente \u2018Enrique Cuadros\u2019, sobre la Avenida del R\u00edo, une el Casd Mar\u00eda Concepci\u00f3n Loperena, la urbanizaci\u00f3n Manolo Lemus, el barrio San Eduardo y la avenida Los Libertadores con Prados del Este y el anillo vial oriental. Tras la habilitaci\u00f3n, hace tres a\u00f1os, se ha mejorado la circulaci\u00f3n vehicular y se ha proyectado el &hellip;<\/p>\n","protected":false},"author":1,"featured_media":24631,"comment_status":"open","ping_status":"open","sticky":false,"template":"","format":"standard","meta":{"footnotes":""},"categories":[541,36],"tags":[1345,1757],"class_list":["post-24630","post","type-post","status-publish","format-standard","has-post-thumbnail","hentry","category-ciudad","category-la-voz-del-pueblo","tag-puente-enrique-cuadros","tag-puentes-de-cucuta"],"_links":{"self":[{"href":"https:\/\/contraluzcucuta.co\/index.php?rest_route=\/wp\/v2\/posts\/24630","targetHints":{"allow":["GET"]}}],"collection":[{"href":"https:\/\/contraluzcucuta.co\/index.php?rest_route=\/wp\/v2\/posts"}],"about":[{"href":"https:\/\/contraluzcucuta.co\/index.php?rest_route=\/wp\/v2\/types\/post"}],"author":[{"embeddable":true,"href":"https:\/\/contraluzcucuta.co\/index.php?rest_route=\/wp\/v2\/users\/1"}],"replies":[{"embeddable":true,"href":"https:\/\/contraluzcucuta.co\/index.php?rest_route=%2Fwp%2Fv2%2Fcomments&post=24630"}],"version-history":[{"count":1,"href":"https:\/\/contraluzcucuta.co\/index.php?rest_route=\/wp\/v2\/posts\/24630\/revisions"}],"predecessor-version":[{"id":24632,"href":"https:\/\/contraluzcucuta.co\/index.php?rest_route=\/wp\/v2\/posts\/24630\/revisions\/24632"}],"wp:featuredmedia":[{"embeddable":true,"href":"https:\/\/contraluzcucuta.co\/index.php?rest_route=\/wp\/v2\/media\/24631"}],"wp:attachment":[{"href":"https:\/\/contraluzcucuta.co\/index.php?rest_route=%2Fwp%2Fv2%2Fmedia&parent=24630"}],"wp:term":[{"taxonomy":"category","embeddable":true,"href":"https:\/\/contraluzcucuta.co\/index.php?rest_route=%2Fwp%2Fv2%2Fcategories&post=24630"},{"taxonomy":"post_tag","embeddable":true,"href":"https:\/\/contraluzcucuta.co\/index.php?rest_route=%2Fwp%2Fv2%2Ftags&post=24630"}],"curies":[{"name":"wp","href":"https:\/\/api.w.org\/{rel}","templated":true}]}}