{"id":24626,"date":"2015-07-17T14:40:09","date_gmt":"2015-07-17T19:40:09","guid":{"rendered":"http:\/\/contraluzcucuta.co\/?p=24626"},"modified":"2015-07-21T06:20:11","modified_gmt":"2015-07-21T11:20:11","slug":"sergio-entrena-lopez-no-busco-la-alcaldia-de-cucuta-para-enriquecerme","status":"publish","type":"post","link":"https:\/\/contraluzcucuta.co\/?p=24626","title":{"rendered":"CANDIDATO A LA ALCALD\u00cdA. &#8220;No busco la alcald\u00eda de C\u00facuta para enriquecerme&#8221;"},"content":{"rendered":"<p><strong>C\u00daCUTA.-<\/strong> El fondo musical de la cafeter\u00eda del barrio Caobos es propicio para escucharle al ex gobernador de Norte de Santander, Sergio Entrena L\u00f3pez (1995 \u2013 1997), por qu\u00e9 regres\u00f3 a la ciudad, luego de vivir en Europa,\u00a0 y para qu\u00e9 quiere ser el alcalde de C\u00facuta. La respuesta es simple y sincera \u201cestoy en la mejor edad de mi vida\u201d.<\/p>\n<p>A los 66 a\u00f1os, la mayor\u00eda vividos en la capital de Norte de Santander, ha tenido la oportunidad de conocer varias regiones colombianas y algunas latitudes de Espa\u00f1a, Italia y Francia. Es economista, ha pasado por cargos consulares (Valencia \u2013 Espa\u00f1a), gerencias de bancos, salones de clase y el Concejo cucute\u00f1o. \u201cNo busco la alcald\u00eda de C\u00facuta para enriquecerme\u201d.<\/p>\n<p>Hoy, goza de una pensi\u00f3n que le permite vivir con ciertas comodidades y de manera digna. \u201cMi objetivo en la vida no ha sido hacer plata, sino vivir de manera honesta y responsable. Quiero que esa lecci\u00f3n de vida les quede a mis hijos\u201d. En ese momento de la conversaci\u00f3n se le quebr\u00f3 la voz y los ojos enrojecieron por la emoci\u00f3n que siente al hablar de los herederos.<\/p>\n<p>Al pretender llegar a la Alcald\u00eda no tiene como\u00a0 plan utilizarla, en el futuro cercano, como plataforma para alcanzar otras posiciones pol\u00edticas. Esa es la costumbre entre los colombianos y aqu\u00ed podr\u00eda romperse la regla. \u201cEstoy de salida y quiero tener la satisfacci\u00f3n de dedicarle cuatro a\u00f1os a la ciudad\u201d.<\/p>\n<p><strong>\u00bfPor qu\u00e9 se meti\u00f3 en este cuento de ser alcalde de C\u00facuta?<\/strong><\/p>\n<p>Soy un so\u00f1ador. Vivo siempre en funci\u00f3n, primero, de mi familia, y despu\u00e9s, de mi ciudad. Tengo todav\u00eda sentido de pertenencia y la responsabilidad de aportar de lo mucho que he recibido algo que beneficie y mejore las condiciones de vida de la ciudad. Quiero ser part\u00edcipe de un proceso de cambio en la ciudad.<\/p>\n<p><strong>\u00bfDe esa experiencia en el exterior qu\u00e9 se puede aplicar en C\u00facuta?<\/strong><\/p>\n<p>Podemos tomar experiencias europeas y aplicarlas aqu\u00ed, sujetas a la realidad. El conocimiento es fundamental, por eso tenemos que insistir en que las universidades nuestras\u00a0 tienen que mejorar la calidad de la formaci\u00f3n. Podemos aprovechar los contactos con empresarios, autoridades y con un sistema social que nos puede favorecer.<\/p>\n<p><strong>\u00bfC\u00f3mo ve a C\u00facuta?<\/strong><\/p>\n<p>Tiene un problema social grave, no solo desde el punto de vista econ\u00f3mico, por el hambre, por la falta de empleo y de oportunidades de ingresos. No hay que pensar solo en vivir de un salario, sino en generar ingresos adicionales mediante otras actividades que permitan mejorar el nivel de vida. Otro aspecto es la propiedad del suelo, la ciudad est\u00e1 con un porcentaje alto de construcciones en terrenos que no les son propios y que al invadirlos ahora busca la legalizaci\u00f3n.<\/p>\n<p><strong>\u00bfC\u00f3mo mejorar el desorden reinante en la ciudad?<\/strong><\/p>\n<p>Primero, con autoridad. Aqu\u00ed falta un alcalde con car\u00e1cter, que planee, que organice, que tenga un equipo de funcionarios expertos en cada asunto, que no le tema vincular a especialistas capaces en cada rama de la administraci\u00f3n p\u00fablica. Segundo, con la retroalimentaci\u00f3n con la comunidad para que se traduzca en el programa de gobierno municipal que consulte las necesidades de los cucute\u00f1os y no el inter\u00e9s del alcalde para que no se convierta en el amo y se\u00f1or de la ciudad. Tercero, con la formulaci\u00f3n de proyectos sustentables desde los puntos de vista econ\u00f3mico, social y ambiental, para que la ciudad compita con el resto de capitales de departamento en la b\u00fasqueda de recursos del presupuesto nacional. Cuarto, con gesti\u00f3n, llamando a los sectores empresarial y privado, y vinculando a la universidad para que ejerza el papel asesor.<\/p>\n<p><strong>\u00bfLos cuatro a\u00f1os de mandato ser\u00edan cortos para aplicar esta metodolog\u00eda o ser\u00edan la cuota inicial?<\/strong><\/p>\n<p>Ser\u00edan el comienzo de un programa de desarrollo de la ciudad a tres o cuatro administraciones. Ser\u00eda darle un vuelco al manejo de la administraci\u00f3n de la ciudad, con perspectiva y pensando en el ma\u00f1ana de lo que hagamos hoy con planeaci\u00f3n, con disciplina.<\/p>\n<p><strong>Al com\u00fan de los cucute\u00f1os las palabras le agradan, pero le gustan m\u00e1s las obras \u00bfqu\u00e9 proyectos propone para C\u00facuta?<\/strong><\/p>\n<p>No puede haber obras si no se planean, si no se estructuran de la mejor manera y basados en el car\u00e1cter cient\u00edfico que corresponde. Lo primero que se necesita, antes que obras, es recuperar el compromiso de autoestima, porque estamos golpeados. En materia de infraestructura hay muchos proyectos, pero primero hay que poner orden en la casa. No sabemos en qu\u00e9 condiciones se entregue la administraci\u00f3n, qu\u00e9 proyectos se han comenzado y no se han concluido. Los proyectos b\u00e1sicos son el plan maestro de alcantarillado, la conexi\u00f3n del acueducto, la semaforizaci\u00f3n, la se\u00f1alizaci\u00f3n de la ciudad, la nueva nomenclatura, la cultura ciudadana, el sistema integrado de trasporte p\u00fablico y la vinculaci\u00f3n de nuevos inversionistas. Proyectos importantes los tengo, no los quiero decir ahora porque es tan pobre el aporte de los candidatos que los presento, me los copian y me los fusilan. No voy a trabajar para ellos. Tengo iniciativas en inversiones extranjeras y nacionales, turismo y ambientales.<\/p>\n<p><strong>Para cumplir con ese sue\u00f1o de dirigir bien a la ciudad se debe contar con el respaldo de la clase pol\u00edtica \u00bfc\u00f3mo ponerla a trabajar por C\u00facuta? <\/strong><\/p>\n<p>No creo que haya clase, sino disclase, porque no dan ejemplo de liderazgo, ni de trabajo por la comunidad, aunque hay excepciones. Cada uno debe cumplir sus funciones. Los congresistas deben participar en la gesti\u00f3n ante el Gobierno para conseguir recursos. Si no lo hacen, pues que el alcalde tenga car\u00e1cter para decir cu\u00e1l senador no ha cumplido con los proyectos. Se puede trabajar de manera concertada y darles los m\u00e9ritos que correspondan. Pero si no act\u00faan, tambi\u00e9n hay que dec\u00edrselo a la comunidad.<\/p>\n<p><strong>\u00bfC\u00f3mo manejar el Concejo con todas las ma\u00f1as heredadas?<\/strong><\/p>\n<p>Se supone que el Concejo es la junta directiva de la ciudad. Ellos en lo suyo, y la administraci\u00f3n municipal en la organizaci\u00f3n. Quisiera que en los pr\u00f3ximos cuatro a\u00f1os se trabajara con respeto y de manera concertada, cada qui\u00e9n en cumplimiento de lo suyo.<\/p>\n<p><strong>\u00bfCu\u00e1l ser\u00eda una ventaja sobre sus rivales en la contienda electoral?<\/strong><\/p>\n<p>La experiencia en distintos campos. He sido gerente de tres bancos, vicepresidente comercial de Findeter, vicerrector de universidad privada, vicepresidente de una empresa nacional de servicios p\u00fablicos, he estado en la academia, c\u00f3nsul de Colombia, s\u00e9 c\u00f3mo jalonar recursos para la regi\u00f3n porque lo he logrado. Adem\u00e1s, fui concejal.<\/p>\n<p><strong>\u00bfCu\u00e1l ser\u00eda una desventaja?<\/strong><\/p>\n<p>Es que no estoy como cajero autom\u00e1tico de banco entregando dinero a todos el mundo para que me apoye. La nuestra es una propuesta basada en ideas y proyectos. El \u00fanico d\u00eda que tenemos los cucute\u00f1os para decidir la suerte de nuestra regi\u00f3n y de la ciudad para los pr\u00f3ximos cuatro a\u00f1os ser\u00e1 el 25 de octubre.<\/p>\n<p><strong>RAFAEL ANTONIO PAB\u00d3N<\/strong><\/p>\n<p><a href=\"mailto:rafaelpabon58@hotmail.com\"><strong>rafaelpabon58@hotmail.com<\/strong><\/a><\/p>\n<p><strong>Foto: PRENSA DE LA CAMPA\u00d1A<\/strong><\/p>\n<p><strong>\u00a0<\/strong><\/p>\n<p>&nbsp; <\/p>\n","protected":false},"excerpt":{"rendered":"<p>C\u00daCUTA.- El fondo musical de la cafeter\u00eda del barrio Caobos es propicio para escucharle al ex gobernador de Norte de Santander, Sergio Entrena L\u00f3pez (1995 \u2013 1997), por qu\u00e9 regres\u00f3 a la ciudad, luego de vivir en Europa,\u00a0 y para qu\u00e9 quiere ser el alcalde de C\u00facuta. La respuesta es simple y sincera \u201cestoy en &hellip;<\/p>\n","protected":false},"author":1,"featured_media":24627,"comment_status":"open","ping_status":"open","sticky":false,"template":"","format":"standard","meta":{"footnotes":""},"categories":[9],"tags":[108,2367],"class_list":["post-24626","post","type-post","status-publish","format-standard","has-post-thumbnail","hentry","category-politica","tag-candidato-a-la-alcaldia-de-cucuta","tag-sergio-entrena-lopez"],"_links":{"self":[{"href":"https:\/\/contraluzcucuta.co\/index.php?rest_route=\/wp\/v2\/posts\/24626","targetHints":{"allow":["GET"]}}],"collection":[{"href":"https:\/\/contraluzcucuta.co\/index.php?rest_route=\/wp\/v2\/posts"}],"about":[{"href":"https:\/\/contraluzcucuta.co\/index.php?rest_route=\/wp\/v2\/types\/post"}],"author":[{"embeddable":true,"href":"https:\/\/contraluzcucuta.co\/index.php?rest_route=\/wp\/v2\/users\/1"}],"replies":[{"embeddable":true,"href":"https:\/\/contraluzcucuta.co\/index.php?rest_route=%2Fwp%2Fv2%2Fcomments&post=24626"}],"version-history":[{"count":2,"href":"https:\/\/contraluzcucuta.co\/index.php?rest_route=\/wp\/v2\/posts\/24626\/revisions"}],"predecessor-version":[{"id":24657,"href":"https:\/\/contraluzcucuta.co\/index.php?rest_route=\/wp\/v2\/posts\/24626\/revisions\/24657"}],"wp:featuredmedia":[{"embeddable":true,"href":"https:\/\/contraluzcucuta.co\/index.php?rest_route=\/wp\/v2\/media\/24627"}],"wp:attachment":[{"href":"https:\/\/contraluzcucuta.co\/index.php?rest_route=%2Fwp%2Fv2%2Fmedia&parent=24626"}],"wp:term":[{"taxonomy":"category","embeddable":true,"href":"https:\/\/contraluzcucuta.co\/index.php?rest_route=%2Fwp%2Fv2%2Fcategories&post=24626"},{"taxonomy":"post_tag","embeddable":true,"href":"https:\/\/contraluzcucuta.co\/index.php?rest_route=%2Fwp%2Fv2%2Ftags&post=24626"}],"curies":[{"name":"wp","href":"https:\/\/api.w.org\/{rel}","templated":true}]}}