{"id":24623,"date":"2015-07-17T14:15:39","date_gmt":"2015-07-17T19:15:39","guid":{"rendered":"http:\/\/contraluzcucuta.co\/?p=24623"},"modified":"2015-07-21T18:31:01","modified_gmt":"2015-07-21T23:31:01","slug":"mito-de-inseguridad-recuperado-parque-las-piedras-en-pescadero","status":"publish","type":"post","link":"https:\/\/contraluzcucuta.co\/?p=24623","title":{"rendered":"\u2018MITO DE INSEGURIDAD\u2019. Recuperado parque \u2018Las Piedras\u2019, en Pescadero"},"content":{"rendered":"<p><strong>C\u00daCUTA.-<\/strong> Un reciclador extranjero tom\u00f3 un parque en Pescadero y lo convirti\u00f3 en su vivienda. El lugar era cuidado por varios caninos para mantener el control territorial. La acumulaci\u00f3n de material hab\u00eda convertido el sitio en bodega callejera.<\/p>\n<p>El parque \u2018Las Piedras\u2019, en la avenida sexta con calle 2N del barrio Pescadero, se hab\u00eda sido convertido en un \u2018mito de inseguridad\u2019 para residentes y transe\u00fantes. En cumplimiento del plan choque \u2018Comunidades seguras y en paz\u2019, uniformados del cuadrante del Primer Distrito de Polic\u00eda y grupos de reacci\u00f3n devolvieron a la ciudadan\u00eda el espacio p\u00fablico.<\/p>\n<p>Agentes y vecinos, con el objetivo de fortalecer la seguridad en el sector, coordinaron la implementaci\u00f3n de acciones institucionales. Aument\u00f3 la presencia policial y se organizaron actividades de prevenci\u00f3n y recuperaci\u00f3n del espacio p\u00fablico. En las \u00faltimas horas se desarroll\u00f3 la recolecci\u00f3n de cart\u00f3n, pl\u00e1stico, botellas, libros, entre otros materiales reciclables.<\/p>\n<p>Los elementos permanec\u00edan almacenados en parte del sector y pertenec\u00edan a un hombre en estado de calle, presuntamente oriundo de Aruba. Seg\u00fan informaciones suministradas por la comunidad, se habr\u00eda situado en el lugar hace seis meses.<\/p>\n<p>El sitio se hab\u00eda convertido en lugar de descanso permanente y en bodega para el dep\u00f3sito de los elementos recolectados. El hombre contaba con la compa\u00f1\u00eda de varios perros que manten\u00edan vigilado el lugar y se hab\u00edan convertido en amenaza latiente para la seguridad de los transe\u00fantes y que podr\u00edan ser v\u00edctimas de ataques.<\/p>\n<p>Funcionarios de la oficina de Migraci\u00f3n Colombia y la Personer\u00eda, el hombre, de aproximadamente 50 a\u00f1os, quien no pose\u00eda documentaci\u00f3n necesaria para la permanencia legal en el pa\u00eds, fue conducido al Centro Migratorio para definir la repatriaci\u00f3n.<\/p>\n<p>Los caninos de diferentes razas y que se encontraban en mal estado de salubridad, fueron llevados hasta una fundaci\u00f3n local que tendr\u00e1 la misi\u00f3n de reubicarlos y darles un lugar para la permanencia alejados de las situaciones de vulnerabilidad de la calle.<\/p>\n<p>La jornada de recuperaci\u00f3n de espacio p\u00fablico se complement\u00f3 con actividades de ornato y embellecimiento. De manera temporal se dej\u00f3 un Comando de Atenci\u00f3n Inmediata (CAI) m\u00f3vil para atenci\u00f3n directa para la comunidad.<\/p>\n<p>La Polic\u00eda Metropolitana y los habitantes del sector trabajar\u00e1n mancomunadamente para mantener la buena imagen y la seguridad de este sitio de encuentro p\u00fablico y comunitario.<\/p>\n<p><strong>Foto: PRENSA MECUC<\/strong> <\/p>\n","protected":false},"excerpt":{"rendered":"<p>C\u00daCUTA.- Un reciclador extranjero tom\u00f3 un parque en Pescadero y lo convirti\u00f3 en su vivienda. El lugar era cuidado por varios caninos para mantener el control territorial. La acumulaci\u00f3n de material hab\u00eda convertido el sitio en bodega callejera. El parque \u2018Las Piedras\u2019, en la avenida sexta con calle 2N del barrio Pescadero, se hab\u00eda sido &hellip;<\/p>\n","protected":false},"author":1,"featured_media":24624,"comment_status":"open","ping_status":"open","sticky":false,"template":"","format":"standard","meta":{"footnotes":""},"categories":[11,6],"tags":[323,2391,293],"class_list":["post-24623","post","type-post","status-publish","format-standard","has-post-thumbnail","hentry","category-cronica-roja","category-ojo-avizor","tag-mecuc","tag-mitos-de-inseguridad-en-cucuta","tag-policia-metropolitana-de-cucuta"],"_links":{"self":[{"href":"https:\/\/contraluzcucuta.co\/index.php?rest_route=\/wp\/v2\/posts\/24623","targetHints":{"allow":["GET"]}}],"collection":[{"href":"https:\/\/contraluzcucuta.co\/index.php?rest_route=\/wp\/v2\/posts"}],"about":[{"href":"https:\/\/contraluzcucuta.co\/index.php?rest_route=\/wp\/v2\/types\/post"}],"author":[{"embeddable":true,"href":"https:\/\/contraluzcucuta.co\/index.php?rest_route=\/wp\/v2\/users\/1"}],"replies":[{"embeddable":true,"href":"https:\/\/contraluzcucuta.co\/index.php?rest_route=%2Fwp%2Fv2%2Fcomments&post=24623"}],"version-history":[{"count":1,"href":"https:\/\/contraluzcucuta.co\/index.php?rest_route=\/wp\/v2\/posts\/24623\/revisions"}],"predecessor-version":[{"id":24625,"href":"https:\/\/contraluzcucuta.co\/index.php?rest_route=\/wp\/v2\/posts\/24623\/revisions\/24625"}],"wp:featuredmedia":[{"embeddable":true,"href":"https:\/\/contraluzcucuta.co\/index.php?rest_route=\/wp\/v2\/media\/24624"}],"wp:attachment":[{"href":"https:\/\/contraluzcucuta.co\/index.php?rest_route=%2Fwp%2Fv2%2Fmedia&parent=24623"}],"wp:term":[{"taxonomy":"category","embeddable":true,"href":"https:\/\/contraluzcucuta.co\/index.php?rest_route=%2Fwp%2Fv2%2Fcategories&post=24623"},{"taxonomy":"post_tag","embeddable":true,"href":"https:\/\/contraluzcucuta.co\/index.php?rest_route=%2Fwp%2Fv2%2Ftags&post=24623"}],"curies":[{"name":"wp","href":"https:\/\/api.w.org\/{rel}","templated":true}]}}