{"id":24613,"date":"2015-07-17T07:38:19","date_gmt":"2015-07-17T12:38:19","guid":{"rendered":"http:\/\/contraluzcucuta.co\/?p=24613"},"modified":"2015-07-17T07:38:19","modified_gmt":"2015-07-17T12:38:19","slug":"aguas-kpital-grupo-caoba-sound-amenizara-la-velada-cultural","status":"publish","type":"post","link":"https:\/\/contraluzcucuta.co\/?p=24613","title":{"rendered":"AGUAS KPITAL.\u00a0 Grupo Caoba Sound amenizar\u00e1 la velada cultural"},"content":{"rendered":"<p><strong>C\u00daCUTA.-<\/strong> La noche de este 17 de julio, estar\u00e1 acompa\u00f1ada de un espectacular show musical, el cual estar\u00e1 a cargo de la agrupaci\u00f3n &#8216;Caoba Sound&#8217;, quienes ser\u00e1n los encargados de deleitar a los asistentes de la Velada Cultural con sus sentimentales boleros y sus armoniosos ritmos tropicales.<\/p>\n<p>Esta es una agrupaci\u00f3n que surgi\u00f3 en la ciudad y ha tenido el privilegio de exponer su talento en un sinn\u00famero de escenarios en la regi\u00f3n y se ha dado a conocer por la pasi\u00f3n y la energ\u00eda que trasmite en las presentaciones.<\/p>\n<p>El evento tendr\u00e1 lugar en la glorieta Arnulfo Brice\u00f1o, a las 7:00 de la noche. Los cucute\u00f1os podr\u00e1n disfrutar gratis con un maravilloso y divertido espect\u00e1culo musical, que los har\u00e1 vibrar y cantar de emoci\u00f3n. Podr\u00e1n aprovechar la oportunidad para compartir con familiares y amigos un bello momento de esparcimiento.<\/p>\n<p>La organizaci\u00f3n contin\u00faa con las acciones que promueven la integraci\u00f3n de la ciudad bajo un entorno de desarrollo cultural, para enriquecer los lazos de amistad entre la comunidad y la empresa de servicios p\u00fablicos.<\/p>\n<p><strong>Foto: PRENSA AGUAS KPITAL<\/strong> <\/p>\n","protected":false},"excerpt":{"rendered":"<p>C\u00daCUTA.- La noche de este 17 de julio, estar\u00e1 acompa\u00f1ada de un espectacular show musical, el cual estar\u00e1 a cargo de la agrupaci\u00f3n &#8216;Caoba Sound&#8217;, quienes ser\u00e1n los encargados de deleitar a los asistentes de la Velada Cultural con sus sentimentales boleros y sus armoniosos ritmos tropicales. Esta es una agrupaci\u00f3n que surgi\u00f3 en la &hellip;<\/p>\n","protected":false},"author":1,"featured_media":24614,"comment_status":"open","ping_status":"open","sticky":false,"template":"","format":"standard","meta":{"footnotes":""},"categories":[36],"tags":[1270,2390,1460],"class_list":["post-24613","post","type-post","status-publish","format-standard","has-post-thumbnail","hentry","category-la-voz-del-pueblo","tag-aguas-kpital-cucuta","tag-grupocaoba-sound","tag-velada-cultural"],"_links":{"self":[{"href":"https:\/\/contraluzcucuta.co\/index.php?rest_route=\/wp\/v2\/posts\/24613","targetHints":{"allow":["GET"]}}],"collection":[{"href":"https:\/\/contraluzcucuta.co\/index.php?rest_route=\/wp\/v2\/posts"}],"about":[{"href":"https:\/\/contraluzcucuta.co\/index.php?rest_route=\/wp\/v2\/types\/post"}],"author":[{"embeddable":true,"href":"https:\/\/contraluzcucuta.co\/index.php?rest_route=\/wp\/v2\/users\/1"}],"replies":[{"embeddable":true,"href":"https:\/\/contraluzcucuta.co\/index.php?rest_route=%2Fwp%2Fv2%2Fcomments&post=24613"}],"version-history":[{"count":1,"href":"https:\/\/contraluzcucuta.co\/index.php?rest_route=\/wp\/v2\/posts\/24613\/revisions"}],"predecessor-version":[{"id":24615,"href":"https:\/\/contraluzcucuta.co\/index.php?rest_route=\/wp\/v2\/posts\/24613\/revisions\/24615"}],"wp:featuredmedia":[{"embeddable":true,"href":"https:\/\/contraluzcucuta.co\/index.php?rest_route=\/wp\/v2\/media\/24614"}],"wp:attachment":[{"href":"https:\/\/contraluzcucuta.co\/index.php?rest_route=%2Fwp%2Fv2%2Fmedia&parent=24613"}],"wp:term":[{"taxonomy":"category","embeddable":true,"href":"https:\/\/contraluzcucuta.co\/index.php?rest_route=%2Fwp%2Fv2%2Fcategories&post=24613"},{"taxonomy":"post_tag","embeddable":true,"href":"https:\/\/contraluzcucuta.co\/index.php?rest_route=%2Fwp%2Fv2%2Ftags&post=24613"}],"curies":[{"name":"wp","href":"https:\/\/api.w.org\/{rel}","templated":true}]}}