{"id":24609,"date":"2015-07-14T22:05:48","date_gmt":"2015-07-15T03:05:48","guid":{"rendered":"http:\/\/contraluzcucuta.co\/?p=24609"},"modified":"2015-07-14T22:05:48","modified_gmt":"2015-07-15T03:05:48","slug":"candidato-a-la-alcaldia-culmino-proceso-de-inscripcion-de-cedulas-de-todos-por-cucuta","status":"publish","type":"post","link":"https:\/\/contraluzcucuta.co\/?p=24609","title":{"rendered":"CANDIDATO A LA ALCALD\u00cdA. \u00a0Culmin\u00f3 proceso de inscripci\u00f3n de c\u00e9dulas de \u2018todos por C\u00facuta\u2019"},"content":{"rendered":"<p><strong>C\u00daCUTA.-<\/strong> El grupo significativo de ciudadanos \u2018Todos por C\u00facuta\u2019 culmin\u00f3 con \u00e9xito el proceso de inscripci\u00f3n de c\u00e9dulas, en los diferentes puestos de votaci\u00f3n de la ciudad. As\u00ed mismo, contin\u00faa en la recolecci\u00f3n de firmas y el di\u00e1logo con la comunidad.<\/p>\n<p>El fin de semana miembros de \u2018Todos por C\u00facuta\u2019, encabezados por el jefe de debate Francisco Cort\u00e9s, visitaron a los habitantes de distintas comunas, participaron en reuniones y discutieron sobre seguridad, salud, educaci\u00f3n, malla vial y vivienda.<\/p>\n<p>En los pr\u00f3ximos d\u00edas el aspirante a la Alcald\u00eda, Jorge Acevedo, dar\u00e1 a conocer los modelos de desarrollo urbano que en su administraci\u00f3n se podr\u00e1n en pr\u00e1ctica en la capital de Norte de Santander.<\/p>\n<p><strong>Foto: PRENSA DE LA CAMPA\u00d1A<\/strong> <\/p>\n","protected":false},"excerpt":{"rendered":"<p>C\u00daCUTA.- El grupo significativo de ciudadanos \u2018Todos por C\u00facuta\u2019 culmin\u00f3 con \u00e9xito el proceso de inscripci\u00f3n de c\u00e9dulas, en los diferentes puestos de votaci\u00f3n de la ciudad. As\u00ed mismo, contin\u00faa en la recolecci\u00f3n de firmas y el di\u00e1logo con la comunidad. El fin de semana miembros de \u2018Todos por C\u00facuta\u2019, encabezados por el jefe de &hellip;<\/p>\n","protected":false},"author":1,"featured_media":24610,"comment_status":"open","ping_status":"open","sticky":false,"template":"","format":"standard","meta":{"footnotes":""},"categories":[9],"tags":[2389,2192],"class_list":["post-24609","post","type-post","status-publish","format-standard","has-post-thumbnail","hentry","category-politica","tag-candidato-ala-alcadia-de-cucuta","tag-jorge-acevedo"],"_links":{"self":[{"href":"https:\/\/contraluzcucuta.co\/index.php?rest_route=\/wp\/v2\/posts\/24609","targetHints":{"allow":["GET"]}}],"collection":[{"href":"https:\/\/contraluzcucuta.co\/index.php?rest_route=\/wp\/v2\/posts"}],"about":[{"href":"https:\/\/contraluzcucuta.co\/index.php?rest_route=\/wp\/v2\/types\/post"}],"author":[{"embeddable":true,"href":"https:\/\/contraluzcucuta.co\/index.php?rest_route=\/wp\/v2\/users\/1"}],"replies":[{"embeddable":true,"href":"https:\/\/contraluzcucuta.co\/index.php?rest_route=%2Fwp%2Fv2%2Fcomments&post=24609"}],"version-history":[{"count":1,"href":"https:\/\/contraluzcucuta.co\/index.php?rest_route=\/wp\/v2\/posts\/24609\/revisions"}],"predecessor-version":[{"id":24611,"href":"https:\/\/contraluzcucuta.co\/index.php?rest_route=\/wp\/v2\/posts\/24609\/revisions\/24611"}],"wp:featuredmedia":[{"embeddable":true,"href":"https:\/\/contraluzcucuta.co\/index.php?rest_route=\/wp\/v2\/media\/24610"}],"wp:attachment":[{"href":"https:\/\/contraluzcucuta.co\/index.php?rest_route=%2Fwp%2Fv2%2Fmedia&parent=24609"}],"wp:term":[{"taxonomy":"category","embeddable":true,"href":"https:\/\/contraluzcucuta.co\/index.php?rest_route=%2Fwp%2Fv2%2Fcategories&post=24609"},{"taxonomy":"post_tag","embeddable":true,"href":"https:\/\/contraluzcucuta.co\/index.php?rest_route=%2Fwp%2Fv2%2Ftags&post=24609"}],"curies":[{"name":"wp","href":"https:\/\/api.w.org\/{rel}","templated":true}]}}