{"id":24604,"date":"2015-07-14T21:51:21","date_gmt":"2015-07-15T02:51:21","guid":{"rendered":"http:\/\/contraluzcucuta.co\/?p=24604"},"modified":"2015-07-14T21:51:21","modified_gmt":"2015-07-15T02:51:21","slug":"candidato-a-la-alcaldia-experto-hablo-de-la-trasformacion-que-cucuta-requiere","status":"publish","type":"post","link":"https:\/\/contraluzcucuta.co\/?p=24604","title":{"rendered":"CANDIDATO A LA ALCALD\u00cdA. Experto habl\u00f3 de la trasformaci\u00f3n que C\u00facuta requiere"},"content":{"rendered":"<ul>\n<li><strong>C\u00daCUTA. &#8211;<\/strong> Gustavo Restrepo Lalinde, asesor en temas de desarrollo urbano y ciudad sostenible lider\u00f3 el foro en la biblioteca p\u00fablica Julio P\u00e9rez Ferrero, que cont\u00f3 con asistencia de cucute\u00f1os. La actividad fue una demostraci\u00f3n del inter\u00e9s que despierta entre los ciudadanos la trasformaci\u00f3n urbana.<\/li>\n<\/ul>\n<p>El eje social es fundamental en el desarrollo de pol\u00edticas p\u00fablicas que mejoren los \u00edndices de calidad de vida a partir de la generaci\u00f3n de empleo y la apropiaci\u00f3n del espacio.<\/p>\n<p>El arquitecto y urbanista, docente universitario, experto en nuevos materiales, fue pieza fundamental en el equipo de trabajo que acompa\u00f1\u00f3 los procesos de trasformaci\u00f3n urbana desarrollados en Medell\u00edn, de la mano de Sergio Fajardo.<\/p>\n<p>Gustavo Restrepo ha trabajado en varios proyectos que hacen parte del plan de gobierno propuesto por el candidato a la alcald\u00eda de C\u00facuta, Sergio Entrena L\u00f3pez, y aporta su experiencia para ayudar en la transformaci\u00f3n que C\u00facuta merece.<\/p>\n<p><strong>Foto: PRENSA CAMPA\u00d1A POL\u00cdTICA<\/strong><\/p>\n<p>&nbsp; <\/p>\n","protected":false},"excerpt":{"rendered":"<p>C\u00daCUTA. &#8211; Gustavo Restrepo Lalinde, asesor en temas de desarrollo urbano y ciudad sostenible lider\u00f3 el foro en la biblioteca p\u00fablica Julio P\u00e9rez Ferrero, que cont\u00f3 con asistencia de cucute\u00f1os. La actividad fue una demostraci\u00f3n del inter\u00e9s que despierta entre los ciudadanos la trasformaci\u00f3n urbana. El eje social es fundamental en el desarrollo de pol\u00edticas &hellip;<\/p>\n","protected":false},"author":1,"featured_media":24605,"comment_status":"open","ping_status":"open","sticky":false,"template":"","format":"standard","meta":{"footnotes":""},"categories":[9],"tags":[108,2367],"class_list":["post-24604","post","type-post","status-publish","format-standard","has-post-thumbnail","hentry","category-politica","tag-candidato-a-la-alcaldia-de-cucuta","tag-sergio-entrena-lopez"],"_links":{"self":[{"href":"https:\/\/contraluzcucuta.co\/index.php?rest_route=\/wp\/v2\/posts\/24604","targetHints":{"allow":["GET"]}}],"collection":[{"href":"https:\/\/contraluzcucuta.co\/index.php?rest_route=\/wp\/v2\/posts"}],"about":[{"href":"https:\/\/contraluzcucuta.co\/index.php?rest_route=\/wp\/v2\/types\/post"}],"author":[{"embeddable":true,"href":"https:\/\/contraluzcucuta.co\/index.php?rest_route=\/wp\/v2\/users\/1"}],"replies":[{"embeddable":true,"href":"https:\/\/contraluzcucuta.co\/index.php?rest_route=%2Fwp%2Fv2%2Fcomments&post=24604"}],"version-history":[{"count":1,"href":"https:\/\/contraluzcucuta.co\/index.php?rest_route=\/wp\/v2\/posts\/24604\/revisions"}],"predecessor-version":[{"id":24606,"href":"https:\/\/contraluzcucuta.co\/index.php?rest_route=\/wp\/v2\/posts\/24604\/revisions\/24606"}],"wp:featuredmedia":[{"embeddable":true,"href":"https:\/\/contraluzcucuta.co\/index.php?rest_route=\/wp\/v2\/media\/24605"}],"wp:attachment":[{"href":"https:\/\/contraluzcucuta.co\/index.php?rest_route=%2Fwp%2Fv2%2Fmedia&parent=24604"}],"wp:term":[{"taxonomy":"category","embeddable":true,"href":"https:\/\/contraluzcucuta.co\/index.php?rest_route=%2Fwp%2Fv2%2Fcategories&post=24604"},{"taxonomy":"post_tag","embeddable":true,"href":"https:\/\/contraluzcucuta.co\/index.php?rest_route=%2Fwp%2Fv2%2Ftags&post=24604"}],"curies":[{"name":"wp","href":"https:\/\/api.w.org\/{rel}","templated":true}]}}