{"id":24600,"date":"2015-07-14T21:38:39","date_gmt":"2015-07-15T02:38:39","guid":{"rendered":"http:\/\/contraluzcucuta.co\/?p=24600"},"modified":"2015-07-17T15:29:50","modified_gmt":"2015-07-17T20:29:50","slug":"huelga-de-hambre-el-parque-se-desalojo-cuando-los-vendedores-lo-quisieron","status":"publish","type":"post","link":"https:\/\/contraluzcucuta.co\/?p=24600","title":{"rendered":"HUELGA DE HAMBRE. \u201cEl parque se desaloj\u00f3 cuando los vendedores lo quisieron\u201d"},"content":{"rendered":"<p><strong>C\u00daCUTA.-<\/strong> Andrea, Gladys, Myriam, Jos\u00e9, Armando y Luis Eduardo tomaron la decisi\u00f3n de soltar las cadenas que los mantuvieron atados a tres postes del parque Santander. El primero de julio llegaron a la plaza central y se declararon en huelga de hambre por el trato que les da la Alcald\u00eda. Se desempe\u00f1an como vendedores ambulantes en la avenida sexta y ven con malos ojos las pol\u00edticas implementadas por la administraci\u00f3n municipal para recuperar el espacio p\u00fablico.<\/p>\n<p>Al abrir los candados y declararse de nuevo en libertad para ejercer el oficio con el que levantan a diario el sustento familiar, aclararon que no es el fin del movimiento, solo que hace un receso en la protesta para esperar que se cumpla lo pactado con los concejales cucute\u00f1os.<\/p>\n<p>El acto de suspensi\u00f3n de la huelga se torn\u00f3 emotivo. Los compa\u00f1eros \u00a0informales los aclamaron como \u201ch\u00e9roes\u201d y les dieron el valor suficiente como para que hagan parte de la historia local. Al promediar la ma\u00f1ana del martes, hubo himnos, aplausos, v\u00edtores, rosas, arengas, oraci\u00f3n y l\u00e1grimas.<\/p>\n<p>La huelga sirvi\u00f3 como pretexto para mostrarles al pa\u00eds, el Gobierno y la administraci\u00f3n municipal la situaci\u00f3n en la que viven los comerciantes callejeros en la capital de Norte de Santander. Al alcalde Donamaris Ram\u00edrez, sin nombrarlo, lo colmaron de ep\u00edtetos descalificativos que van de indolente a arbitrario y tirano.<\/p>\n<p>Roc\u00edo Valencia, en demostraci\u00f3n de seguridad sobre la legalidad de la huelga, le apost\u00f3 cargo contra cargo al Alcalde. La vocera de los vendedores puso sobre la mesa como carta principal la personer\u00eda jur\u00eddica del movimiento sindical que representa y el rengl\u00f3n en la directiva de \u00a0la CUT. A cambio, Donamaris Ram\u00edrez debe renunciar si no comprueba que los huelguistas \u00a0se relevaron y que ingirieron alimentos. Del tercer piso del palacio municipal no lleg\u00f3 respuesta alguna a la propuesta.<\/p>\n<p>\u201cLe demostramos al pueblo cucute\u00f1o que la administraci\u00f3n municipal es indolente, inhumana, negligente, prepotente y que pone en riesgo la democracia en la ciudad\u201d, dijo la portavoz sindical. La diatriba continu\u00f3 con otras acusaciones. \u201cLa administraci\u00f3n municipal es autoritaria y tiene una confusi\u00f3n mental\u201d.<\/p>\n<p>Jos\u00e9 Pe\u00f1aranda permaneci\u00f3 dos semanas si probar alimentos. Pas\u00f3 las horas sentado en una silla, debajo de una sombrilla y acompa\u00f1ado por varios de sus colegas de oficio. \u201cLa pr\u00f3xima vez que hagamos la huelga de hambre no la haremos aqu\u00ed, la vamos a hacer en la Plaza de Bol\u00edvar, en Bogot\u00e1\u201d. Fueron las primeras palabras al soltar las cadenas que lo ataron al poste.<\/p>\n<p>Los informales, para respaldar la apuesta de Roc\u00edo Valencia, se har\u00e1n pruebas de laboratorio y mostrar\u00e1n las pruebas que sean necesarias para demostrar que la huelga fue en serio, que no hubo trampas. \u201cNo consumimos alimentos, como lo dijo el Alcalde; no nos cambiamos. Tenemos testigos\u201d.<\/p>\n<p>Los abogados entrar\u00e1n a trabajar y demandar\u00e1n a Donamaris Ram\u00edrez por calumnia y por injuria. \u201cLa actitud de la administraci\u00f3n es inhumana\u201d, porque no les pusieron atenci\u00f3n a los reclamos ni escucharon las propuestas que llevaron para solucionar el problema de ocupaci\u00f3n del espacio p\u00fablico.<\/p>\n<p>Los concejales, en cambio, se comprometieron a organizar una mesa de di\u00e1logo en la que tendr\u00e1n asiento los comerciantes informales y los delegados del gobierno cucute\u00f1o. \u201cGanamos ser escuchados por el Concejo y mostrarles los problemas de manera diferente\u201d, dijo Pe\u00f1aranda.<\/p>\n<p>Este hombre, que dej\u00f3 a un lado la mercanc\u00eda durante 14 d\u00edas, ayer se sent\u00eda agotado, con dolores musculares por la posici\u00f3n en la que pas\u00f3 las dos \u00faltimas semanas y ansiedad por probar un bocado de comida. El hambre que soport\u00f3 voluntariamente lo tiene con dolor de cabeza. \u201cAun as\u00ed, tengo fuerzas para mantenerme de pi\u00e9\u201d.<\/p>\n<p>Moralmente tampoco termin\u00f3 bien el movimiento. Desde la silla que ocup\u00f3 vio con preocupaci\u00f3n c\u00f3mo la ciudadan\u00eda \u201cse hace la de la oreja gocha\u201d ante estas manifestaciones de protesta. En ocasiones escuch\u00f3 que los transe\u00fantes preguntaban \u2018\u00bfqu\u00e9 hac\u00edan ah\u00ed sentados?\u2019. Tambi\u00e9n les reclam\u00f3 a los medios por no informar con justicia acerca del problema.<\/p>\n<p>Los tres primeros d\u00edas, mientras el cuerpo se adaptaba a no sentir los alimentos, resultaron los m\u00e1s dif\u00edciles de esta jornada. A pesar de los hostigamientos de la polic\u00eda mantuvo la posici\u00f3n y estaba dispuesto a durar m\u00e1s d\u00edas. Al final un mensaje para el alcalde Donamaris Ram\u00edrez: \u201cEstamos firmes en nuestra posici\u00f3n. Su vida pol\u00edtica, Alcalde, termina este a\u00f1o. Los cucute\u00f1os pobres somos m\u00e1s y usted significa poco para la ciudad\u201d.<\/p>\n<p><strong>RAFAEL ANTONIO PAB\u00d3N<\/strong><\/p>\n<p><strong><a href=\"mailto:rafaelpabon58@hotmail.com\">rafaelpabon58@hotmail.com<\/a><\/strong><\/p>\n<p><strong>Foto: <a href=\"http:\/\/www.contraluzcucuta.co\">www.contraluzcucuta.co<\/a><\/strong><\/p>\n<p>&nbsp; <\/p>\n","protected":false},"excerpt":{"rendered":"<p>C\u00daCUTA.- Andrea, Gladys, Myriam, Jos\u00e9, Armando y Luis Eduardo tomaron la decisi\u00f3n de soltar las cadenas que los mantuvieron atados a tres postes del parque Santander. El primero de julio llegaron a la plaza central y se declararon en huelga de hambre por el trato que les da la Alcald\u00eda. Se desempe\u00f1an como vendedores ambulantes &hellip;<\/p>\n","protected":false},"author":1,"featured_media":24601,"comment_status":"open","ping_status":"open","sticky":false,"template":"","format":"standard","meta":{"footnotes":""},"categories":[541,10,36],"tags":[2248,273,170],"class_list":["post-24600","post","type-post","status-publish","format-standard","has-post-thumbnail","hentry","category-ciudad","category-cronicas","category-la-voz-del-pueblo","tag-huelga-de-hambre","tag-parque-santander","tag-vendedores-ambulantes"],"_links":{"self":[{"href":"https:\/\/contraluzcucuta.co\/index.php?rest_route=\/wp\/v2\/posts\/24600","targetHints":{"allow":["GET"]}}],"collection":[{"href":"https:\/\/contraluzcucuta.co\/index.php?rest_route=\/wp\/v2\/posts"}],"about":[{"href":"https:\/\/contraluzcucuta.co\/index.php?rest_route=\/wp\/v2\/types\/post"}],"author":[{"embeddable":true,"href":"https:\/\/contraluzcucuta.co\/index.php?rest_route=\/wp\/v2\/users\/1"}],"replies":[{"embeddable":true,"href":"https:\/\/contraluzcucuta.co\/index.php?rest_route=%2Fwp%2Fv2%2Fcomments&post=24600"}],"version-history":[{"count":1,"href":"https:\/\/contraluzcucuta.co\/index.php?rest_route=\/wp\/v2\/posts\/24600\/revisions"}],"predecessor-version":[{"id":24602,"href":"https:\/\/contraluzcucuta.co\/index.php?rest_route=\/wp\/v2\/posts\/24600\/revisions\/24602"}],"wp:featuredmedia":[{"embeddable":true,"href":"https:\/\/contraluzcucuta.co\/index.php?rest_route=\/wp\/v2\/media\/24601"}],"wp:attachment":[{"href":"https:\/\/contraluzcucuta.co\/index.php?rest_route=%2Fwp%2Fv2%2Fmedia&parent=24600"}],"wp:term":[{"taxonomy":"category","embeddable":true,"href":"https:\/\/contraluzcucuta.co\/index.php?rest_route=%2Fwp%2Fv2%2Fcategories&post=24600"},{"taxonomy":"post_tag","embeddable":true,"href":"https:\/\/contraluzcucuta.co\/index.php?rest_route=%2Fwp%2Fv2%2Ftags&post=24600"}],"curies":[{"name":"wp","href":"https:\/\/api.w.org\/{rel}","templated":true}]}}