{"id":24512,"date":"2015-07-07T15:36:50","date_gmt":"2015-07-07T20:36:50","guid":{"rendered":"http:\/\/contraluzcucuta.co\/?p=24512"},"modified":"2015-07-09T21:01:33","modified_gmt":"2015-07-10T02:01:33","slug":"futbol-de-primera-cucuta-se-estrena-en-la-liga-contra-junior","status":"publish","type":"post","link":"https:\/\/contraluzcucuta.co\/?p=24512","title":{"rendered":"F\u00daTBOL DE PRIMERA. C\u00facuta se estrena en la Liga contra J\u00fanior"},"content":{"rendered":"<p><strong>C\u00daCUTA.-<\/strong> Diez refuerzos contrat\u00f3 el C\u00facuta Deportivo para encarar el segundo campeonato del a\u00f1o, que inicia este fin de semana. Los motilones inician en Barranquilla el recorrido para mantenerse en la primera categor\u00eda. El primer examinador de los rojinegros ser\u00e1 Atl\u00e9tico J\u00fanior.<\/p>\n<p>El once fronterizo, en el torneo Apertura, ocup\u00f3 el puesto 18, con 15 puntos. Disput\u00f3 20 partidos, gan\u00f3 2, empat\u00f3 9 y perdi\u00f3 9. Convirti\u00f3 17goles y recibi\u00f3 32, para un desbalance de 15 anotaciones.<\/p>\n<p>La afici\u00f3n acompa\u00f1\u00f3 al equipo en los dos primeros juegos y cerca de 70.000 hinchas colmaron los grader\u00edos. Luego, a ra\u00edz de los resultados negativos en casa y de visita los espectadores se esfumaron. Al final, no asistieron m\u00e1s de 5000. Los dem\u00e1s, prefirieron ver los partidos por televisi\u00f3n.<\/p>\n<p>Para este semestre se espera que hombres y mujeres, adultos y ni\u00f1os seguidores del cuadro cucute\u00f1o descuelguen la camiseta rojinegra y regresen al estadio General Santander. Para atraer a los aficionados, los directivos pusieron en venta los abonos con precios especiales. A pesar \u00a0de los esfuerzos, las expectativas no est\u00e1n colmadas.<\/p>\n<p>Los jugadores que llegaron para completar la temporada del 2015 son Mart\u00edn Morel, Germ\u00e1n Centuri\u00f3n, John Monta\u00f1o, John Hurtado, Gustavo Bol\u00edvar, Fram Pacheco, Jarlin Quintero, Marlon de Jes\u00fas Pab\u00f3n, Luis Enrique Delgado y Estefano Arango.<\/p>\n<p>El lateral derecho Jamell Orlando Ramos Hern\u00e1ndez lleg\u00f3 a la capital nortesantandereana para presentarse a valoraciones m\u00e9dicas con C\u00facuta Deportivo. Si pasa las pruebas ser\u00e1 de la partida con el equipo en la Liga. Ramos estuvo en la instituci\u00f3n motilona en el 2010.<\/p>\n<p>Tambi\u00e9n, ha defendido las camisetas de Deportivo Independiente Medell\u00edn, Deportivo Cali, Junior, Santa Fe y Deportivo Pasto. En Paraguay jug\u00f3 con el Olimpia.<\/p>\n<p>La Liga colombiana iniciar\u00e1 el 10 de julio. El campe\u00f3n defensor del t\u00edtulo, Deportivo Cali, recibir\u00e1 a Jaguares. Uno de los encuentros llamativos de la fecha enfrenta a Independiente Medell\u00edn contra Once Caldas.<\/p>\n<p>La primera fecha del f\u00fatbol profesional colombiano es la siguiente:<\/p>\n<p><strong>Viernes 10 de julio<\/strong><\/p>\n<p>Alianza Petrolera \u2013 Uniaut\u00f3noma<\/p>\n<p><strong>S\u00e1bado 11 de julio<\/strong><\/p>\n<p>Envigado \u2013 Cortul\u00faa<\/p>\n<p>J\u00daNIOR \u2013 C\u00daCUTA<\/p>\n<p>Medell\u00edn &#8211; Once Caldas<\/p>\n<p><strong>Domingo 12 de julio<\/strong><\/p>\n<p>Huila \u2013 Patriotas<\/p>\n<p>Santa Fe \u2013 Equidad<\/p>\n<p>Pasto \u2013 Millonarios<\/p>\n<p>Cali \u2013 Jaguares<\/p>\n<p><strong>Partidos aplazados:<\/strong><\/p>\n<p>\u00c1guilas Doradas &#8211; Nacional<\/p>\n<p>Boyac\u00e1 Chico &#8211;\u00a0 Tolima<\/p>\n<p>Foto: ALIRIO PARRA<\/p>\n<p>&nbsp; <\/p>\n","protected":false},"excerpt":{"rendered":"<p>C\u00daCUTA.- Diez refuerzos contrat\u00f3 el C\u00facuta Deportivo para encarar el segundo campeonato del a\u00f1o, que inicia este fin de semana. Los motilones inician en Barranquilla el recorrido para mantenerse en la primera categor\u00eda. El primer examinador de los rojinegros ser\u00e1 Atl\u00e9tico J\u00fanior. El once fronterizo, en el torneo Apertura, ocup\u00f3 el puesto 18, con 15 &hellip;<\/p>\n","protected":false},"author":1,"featured_media":24513,"comment_status":"open","ping_status":"open","sticky":false,"template":"","format":"standard","meta":{"footnotes":""},"categories":[28],"tags":[192,301,2356,2355],"class_list":["post-24512","post","type-post","status-publish","format-standard","has-post-thumbnail","hentry","category-vistazo-deportivo","tag-cucuta-deportivo","tag-futbol-profesional-colombiano","tag-junior-de-barranquilla","tag-liga-aguila-2015"],"_links":{"self":[{"href":"https:\/\/contraluzcucuta.co\/index.php?rest_route=\/wp\/v2\/posts\/24512","targetHints":{"allow":["GET"]}}],"collection":[{"href":"https:\/\/contraluzcucuta.co\/index.php?rest_route=\/wp\/v2\/posts"}],"about":[{"href":"https:\/\/contraluzcucuta.co\/index.php?rest_route=\/wp\/v2\/types\/post"}],"author":[{"embeddable":true,"href":"https:\/\/contraluzcucuta.co\/index.php?rest_route=\/wp\/v2\/users\/1"}],"replies":[{"embeddable":true,"href":"https:\/\/contraluzcucuta.co\/index.php?rest_route=%2Fwp%2Fv2%2Fcomments&post=24512"}],"version-history":[{"count":1,"href":"https:\/\/contraluzcucuta.co\/index.php?rest_route=\/wp\/v2\/posts\/24512\/revisions"}],"predecessor-version":[{"id":24514,"href":"https:\/\/contraluzcucuta.co\/index.php?rest_route=\/wp\/v2\/posts\/24512\/revisions\/24514"}],"wp:featuredmedia":[{"embeddable":true,"href":"https:\/\/contraluzcucuta.co\/index.php?rest_route=\/wp\/v2\/media\/24513"}],"wp:attachment":[{"href":"https:\/\/contraluzcucuta.co\/index.php?rest_route=%2Fwp%2Fv2%2Fmedia&parent=24512"}],"wp:term":[{"taxonomy":"category","embeddable":true,"href":"https:\/\/contraluzcucuta.co\/index.php?rest_route=%2Fwp%2Fv2%2Fcategories&post=24512"},{"taxonomy":"post_tag","embeddable":true,"href":"https:\/\/contraluzcucuta.co\/index.php?rest_route=%2Fwp%2Fv2%2Ftags&post=24512"}],"curies":[{"name":"wp","href":"https:\/\/api.w.org\/{rel}","templated":true}]}}