{"id":24508,"date":"2015-07-07T15:17:05","date_gmt":"2015-07-07T20:17:05","guid":{"rendered":"http:\/\/contraluzcucuta.co\/?p=24508"},"modified":"2015-07-09T17:54:45","modified_gmt":"2015-07-09T22:54:45","slug":"cronica-cucuta-la-capital-de-los-toches","status":"publish","type":"post","link":"https:\/\/contraluzcucuta.co\/?p=24508","title":{"rendered":"CR\u00d3NICA. C\u00facuta, la capital de los \u2018toches\u2019"},"content":{"rendered":"<p><strong>C\u00daCUTA.-<\/strong> Toche, en el sentido real de la palabra, hace referencia al pajarito de plumaje amarillo, de alas y cola negra que no supera los 22 cent\u00edmetros de longitud, \u00a0que\u00a0\u00a0 revolotea por entre cuj\u00edes, matarratones, acacias y frutales en busca del alimento diario. La inocente y diminuta ave se convirti\u00f3 no solo en el\u00a0 \u00edcono ling\u00fc\u00edstico de los cucute\u00f1os, sino en parte de su identidad cultural.<\/p>\n<p>\u201cNo sea tan toche\u201d, es la expresi\u00f3n com\u00fan de los cucute\u00f1os. No es una groser\u00eda, solo es la costumbre que tienen al hablar, haciendo popular est\u00e1 palabra entre los\u00a0 nacidos y \u00a0llegados a esta zona que r\u00e1pidamente fueron adapt\u00e1ndola al vocabulario. A los que no conocen el significado hay que explic\u00e1rselo para que no caigan en errores al escucharla.<\/p>\n<p>En el resto del pa\u00eds una manera f\u00e1cil de identificar a los nacidos en la tierra de Juana Rangel de Cu\u00e9llar es esperar a que pronuncien el famoso \u2018toche\u2019. En ese momento se marca la diferencia con paisas, coste\u00f1os, vallunos, santandereanos, bogotanos, pastusos y cafeteros. En ninguna otra regi\u00f3n colombiana entienden el valor de esta expresi\u00f3n.<\/p>\n<p>Para el resto del pa\u00eds los nacidos en estos lares no son cucute\u00f1os, son \u2018cucutoches\u2019. Esta es la tierra de los \u2018destochados\u2019, las \u2018tochadidas\u2019 y los \u2018tochones\u2019. El t\u00e9rmino tiene tanto valor y fervor para quienes lo pronuncian en diferentes sentidos y oraciones. Para los pobladores no es una m\u00e1s de las frases aceptadas por\u00a0 la RAE. Es distinci\u00f3n, forma de vida, intercambio cultural, admiraci\u00f3n, respeto. Es una regi\u00f3n.<\/p>\n<p>En muchos casos, cuando se usa la palabra fuera de contexto, tiende a confundirse con las partes genitales varoniles o hace referencia a una groser\u00eda. Decir \u201cno sea tan toche\u201d resulta ofensivo, enerva y hasta invita a la pelea, dependiendo del tonito con que se pronuncie. Quienes no la entienden hacen mala cara al o\u00edrla y prefieren no repetirla. Toche es una palabra con alta carga sem\u00e1ntica que puede incluso \u00a0excluir.<\/p>\n<p>Estos toches, presumidos, jocosos, que no le temen a nada y que tienen como amigo fiel al rebusque, son capaces con un simple \u201cdestochese que es pa\u2019hoy\u201d. Esto significa que debe hacerse la tarea de manera \u00e1gil, sin descanso\u00a0 y eficaz, en tiempo r\u00e9cord.<\/p>\n<p>La \u00fanica Avenida Cero del mundo ten\u00eda que ver crecer e interactuar a cerca de 566.244 habitantes \u2018destochados\u2019 de la capital de Norte de Santander. C\u00facuta, con temperatura promedio entre los 27 y 36 grados cent\u00edgrados, es el escenario perfecto en donde la expresi\u00f3n \u2018toche\u2019 no contiene significado grosero o vulgar. Por el contrario, es sin\u00f3nimo de orgullo e identidad.<\/p>\n<p>Tal vez, para los que esta tierra no vio nacer, los que llegaron con el paso de los a\u00f1os atra\u00eddos por la buena vida que se llevaba ac\u00e1, los que estuvieron de visita y se ama\u00f1aron, los que vienen y se van, el empleo de la palabra no es m\u00e1s que una acci\u00f3n rutinaria que se utiliza como adjetivo calificativo y como referente para quien comete acciones tontas o est\u00fapidas.<\/p>\n<p>Su uso es inimaginable. Expresa rabia, \u2018\u00a1no se tan toche!\u2019; burla, \u2018mucho toche\u2019; desesperaci\u00f3n, \u00a1corra, toche!\u2019; hambre, \u2018coma toche\u2019; autoridad, \u00a1venga, toche!\u2019; dolor, qu\u00e9 dolor tan toche\u2019; viveza, \u2018mire, toche\u2019, y agilidad, \u2018mu\u00e9vase, toche\u2019.<\/p>\n<p>El significado var\u00eda de acuerdo\u00a0 con la situaci\u00f3n, el contexto y el emisor. Es de esas armas que tienen doble filo, que pueden herir o divertir a la vez, puede tener la connotaci\u00f3n m\u00e1s tierna o la m\u00e1s ofensiva que desee quien la emplea.<\/p>\n<p>Delfina Chac\u00f3n, cucute\u00f1a, due\u00f1a de una tienda en el centro de la ciudad, record\u00f3 entre risas parte de la infancia. \u201cCuando mam\u00e1 estaba enojada con mis hermanos y conmigo lo peor que nos pod\u00eda pasar era que nos dijera h\u00e1ganse los \u2018tochones\u2019 conmigo, o es que me quieren ver la cara de toche. Ah\u00ed sab\u00edamos que la muenda que nos iba a \u00a0dar era inevitable\u201d.<\/p>\n<p><strong>CAMILO GALV\u00c1N<\/strong><\/p>\n<p><strong>Estudiante de Comunicaci\u00f3n Social<\/strong><\/p>\n<p><strong>Universidad de Pamplona<\/strong><\/p>\n<p><strong>Campus de Villa del Rosario<\/strong><\/p>\n<p>Foto: www.contraluzcucuta.co<\/p>\n<p>&nbsp;<\/p>\n<p>&nbsp; <\/p>\n","protected":false},"excerpt":{"rendered":"<p>C\u00daCUTA.- Toche, en el sentido real de la palabra, hace referencia al pajarito de plumaje amarillo, de alas y cola negra que no supera los 22 cent\u00edmetros de longitud, \u00a0que\u00a0\u00a0 revolotea por entre cuj\u00edes, matarratones, acacias y frutales en busca del alimento diario. La inocente y diminuta ave se convirti\u00f3 no solo en el\u00a0 \u00edcono &hellip;<\/p>\n","protected":false},"author":1,"featured_media":24509,"comment_status":"open","ping_status":"open","sticky":false,"template":"","format":"standard","meta":{"footnotes":""},"categories":[74,10,6],"tags":[318,133],"class_list":["post-24508","post","type-post","status-publish","format-standard","has-post-thumbnail","hentry","category-aula-universitaria","category-cronicas","category-ojo-avizor","tag-cucuta","tag-toche"],"_links":{"self":[{"href":"https:\/\/contraluzcucuta.co\/index.php?rest_route=\/wp\/v2\/posts\/24508","targetHints":{"allow":["GET"]}}],"collection":[{"href":"https:\/\/contraluzcucuta.co\/index.php?rest_route=\/wp\/v2\/posts"}],"about":[{"href":"https:\/\/contraluzcucuta.co\/index.php?rest_route=\/wp\/v2\/types\/post"}],"author":[{"embeddable":true,"href":"https:\/\/contraluzcucuta.co\/index.php?rest_route=\/wp\/v2\/users\/1"}],"replies":[{"embeddable":true,"href":"https:\/\/contraluzcucuta.co\/index.php?rest_route=%2Fwp%2Fv2%2Fcomments&post=24508"}],"version-history":[{"count":1,"href":"https:\/\/contraluzcucuta.co\/index.php?rest_route=\/wp\/v2\/posts\/24508\/revisions"}],"predecessor-version":[{"id":24510,"href":"https:\/\/contraluzcucuta.co\/index.php?rest_route=\/wp\/v2\/posts\/24508\/revisions\/24510"}],"wp:featuredmedia":[{"embeddable":true,"href":"https:\/\/contraluzcucuta.co\/index.php?rest_route=\/wp\/v2\/media\/24509"}],"wp:attachment":[{"href":"https:\/\/contraluzcucuta.co\/index.php?rest_route=%2Fwp%2Fv2%2Fmedia&parent=24508"}],"wp:term":[{"taxonomy":"category","embeddable":true,"href":"https:\/\/contraluzcucuta.co\/index.php?rest_route=%2Fwp%2Fv2%2Fcategories&post=24508"},{"taxonomy":"post_tag","embeddable":true,"href":"https:\/\/contraluzcucuta.co\/index.php?rest_route=%2Fwp%2Fv2%2Ftags&post=24508"}],"curies":[{"name":"wp","href":"https:\/\/api.w.org\/{rel}","templated":true}]}}