{"id":24501,"date":"2015-07-07T06:17:34","date_gmt":"2015-07-07T11:17:34","guid":{"rendered":"http:\/\/contraluzcucuta.co\/?p=24501"},"modified":"2015-07-09T17:48:33","modified_gmt":"2015-07-09T22:48:33","slug":"necrologia-pedo-cuadro-herrera-uno-de-los-activos-intelectuales-de-la-ciudad","status":"publish","type":"post","link":"https:\/\/contraluzcucuta.co\/?p=24501","title":{"rendered":"NECROLOG\u00cdA. Pedro Cuadro Herrera: \u201cuno de los activos intelectuales de la ciudad\u201d"},"content":{"rendered":"<p><strong>C\u00daCUTA.-<\/strong> El profesor universitario, licenciado de la universidad Tecnol\u00f3gica de Tunja, con posgrado de la universidad de Pamplona y \u00a0magister, \u00a0Pedro Cuadro Herrera, fue asesinado\u00a0 en el barrio La Divina Pastora, donde cumpl\u00eda su labor docente.<\/p>\n<p>El exrector del colegio Hijo del Chofer y del Instituto T\u00e9cnico Nacional de Comercio (C\u00facuta) hab\u00eda nacido en Cartagena. Lleg\u00f3 a C\u00facuta hace m\u00e1s de 40 a\u00f1os y se hizo miembro de la Sociedad Bolivariana de Historia, de la Asociaci\u00f3n Regional de Escritores, de la Academia de Historia y del movimiento literario C\u00edrculo Rojo.<\/p>\n<p>Estudi\u00f3 en Estados Unidos y dej\u00f3 un valioso documento sobre el idioma lat\u00edn, al que llam\u00f3 \u2018Cartilla para p\u00e1rvulos\u2019.<\/p>\n<p>La alcald\u00eda de C\u00facuta ofreci\u00f3 $ 10 millones y la Polic\u00eda otros $ 10 millones de recompensa por la informaci\u00f3n que conduzca a la captura de los sicarios.<\/p>\n<p>El alcalde Donamaris Ram\u00edrez, repudi\u00f3 el asesinato y dijo que el docente Pedro Cuadro Herrera era \u201cuno de los activos intelectuales de la ciudad\u201d. Expres\u00f3 su solidaridad a la familia y al cuerpo docente.<\/p>\n<p>El historiador y poeta perdi\u00f3 la vida en un establecimiento comercial cercano a la Instituci\u00f3n Educativa Nuestra Se\u00f1ora de Bel\u00e9n, sede Divina Pastora.\u00a0 La ausencia del docente Cuadro Herrera priva al magisterio y a los estudiantes bajo su tutor\u00eda, de un maestro y humanista, cuyo ingenio se perfil\u00f3 hacia la educaci\u00f3n de hombres y mujeres de bien, con aut\u00e9nticos valores, conocedores de su entorno y promotores en potencia de la pertenencia por la ciudad.<\/p>\n<p>El profesor Pedro Cuadro Herrera era Licenciado en idiomas de la Universidad Pedag\u00f3gica y Tecnol\u00f3gica de Tunja, con estudios de maestr\u00eda en ling\u00fc\u00edstica y literatura en la Escuela de Maestr\u00eda de la Universidad Central de Venezuela.<\/p>\n<p>Prest\u00f3 sus servicios como docente universitario en Pamplona, Sincelejo, Santa Marta y en la Universidad Libre. Pertenec\u00eda a la Academia de Historia de Norte de Santander y en los c\u00edrculos intelectuales gozaba de prestigio por sus calidades humanas.<\/p>\n<p><strong>Foto: PRENSA ALCALD\u00cdA<\/strong><\/p>\n<p>&nbsp; <\/p>\n","protected":false},"excerpt":{"rendered":"<p>C\u00daCUTA.- El profesor universitario, licenciado de la universidad Tecnol\u00f3gica de Tunja, con posgrado de la universidad de Pamplona y \u00a0magister, \u00a0Pedro Cuadro Herrera, fue asesinado\u00a0 en el barrio La Divina Pastora, donde cumpl\u00eda su labor docente. El exrector del colegio Hijo del Chofer y del Instituto T\u00e9cnico Nacional de Comercio (C\u00facuta) hab\u00eda nacido en Cartagena. &hellip;<\/p>\n","protected":false},"author":1,"featured_media":24503,"comment_status":"open","ping_status":"open","sticky":false,"template":"","format":"standard","meta":{"footnotes":""},"categories":[541,36,1967],"tags":[1611,2354],"class_list":["post-24501","post","type-post","status-publish","format-standard","has-post-thumbnail","hentry","category-ciudad","category-la-voz-del-pueblo","category-necrologias","tag-necrologia","tag-pedro-cuadro-herrera"],"_links":{"self":[{"href":"https:\/\/contraluzcucuta.co\/index.php?rest_route=\/wp\/v2\/posts\/24501","targetHints":{"allow":["GET"]}}],"collection":[{"href":"https:\/\/contraluzcucuta.co\/index.php?rest_route=\/wp\/v2\/posts"}],"about":[{"href":"https:\/\/contraluzcucuta.co\/index.php?rest_route=\/wp\/v2\/types\/post"}],"author":[{"embeddable":true,"href":"https:\/\/contraluzcucuta.co\/index.php?rest_route=\/wp\/v2\/users\/1"}],"replies":[{"embeddable":true,"href":"https:\/\/contraluzcucuta.co\/index.php?rest_route=%2Fwp%2Fv2%2Fcomments&post=24501"}],"version-history":[{"count":2,"href":"https:\/\/contraluzcucuta.co\/index.php?rest_route=\/wp\/v2\/posts\/24501\/revisions"}],"predecessor-version":[{"id":24507,"href":"https:\/\/contraluzcucuta.co\/index.php?rest_route=\/wp\/v2\/posts\/24501\/revisions\/24507"}],"wp:featuredmedia":[{"embeddable":true,"href":"https:\/\/contraluzcucuta.co\/index.php?rest_route=\/wp\/v2\/media\/24503"}],"wp:attachment":[{"href":"https:\/\/contraluzcucuta.co\/index.php?rest_route=%2Fwp%2Fv2%2Fmedia&parent=24501"}],"wp:term":[{"taxonomy":"category","embeddable":true,"href":"https:\/\/contraluzcucuta.co\/index.php?rest_route=%2Fwp%2Fv2%2Fcategories&post=24501"},{"taxonomy":"post_tag","embeddable":true,"href":"https:\/\/contraluzcucuta.co\/index.php?rest_route=%2Fwp%2Fv2%2Ftags&post=24501"}],"curies":[{"name":"wp","href":"https:\/\/api.w.org\/{rel}","templated":true}]}}