{"id":24481,"date":"2015-07-05T20:17:45","date_gmt":"2015-07-06T01:17:45","guid":{"rendered":"http:\/\/contraluzcucuta.co\/?p=24481"},"modified":"2015-07-07T15:20:55","modified_gmt":"2015-07-07T20:20:55","slug":"cronica-los-secretos-de-la-laguna-de-san-luis","status":"publish","type":"post","link":"https:\/\/contraluzcucuta.co\/?p=24481","title":{"rendered":"CR\u00d3NICA. Los secretos de la Laguna de San Luis"},"content":{"rendered":"<p><strong>C\u00daCUTA.-<\/strong> La mayor\u00eda de cucute\u00f1os la conocen, o por lo menos han o\u00eddo hablar de ella, saben de la existencia, pero lo que no conocen es que esconde algo que el ojo humano no alcanza a percibir. Los vecinos del sector son los m\u00e1s expertos del tema, pues han tenido la oportunidad de sumergirse en sus aguas y conocen el misterio que tiene la Laguna de San Luis.<\/p>\n<p>Esta laguna es producto del antiguo chircal. Un extrabajador cont\u00f3 c\u00f3mo por m\u00e1s de 30 a\u00f1os funcion\u00f3\u00a0 y que el pozo es un nacimiento de agua natural. Al excavar para conseguir arcilla, encontraron fue agua. El chircal se acab\u00f3 por problemas econ\u00f3micos. Los obreros tomaron la maquinaria como parte de pago y desde entonces este terreno ha estado desolado. Han pasado m\u00e1s de 20 a\u00f1os.<\/p>\n<p>El lugar guarda misterios y sirve para el escondite de maleantes. Eso es lo que vecinos cuentan y por lo que, al mismo tiempo, se quejan. El sitio es oscuro, est\u00e1 lleno de monte y lo han utilizado con otros fines, haciendo que no sea tranquilo para los que habiten cerca.<\/p>\n<p>Buena cantidad de habitantes se han sumergido en esas aguas para apaciguar los calores cucute\u00f1os. Quienes se han dado un chapuz\u00f3n encuentran en el interior algo misterioso que describen como un ser raro, nunca antes visto. Algunos, creen que es un simple pez, pero otros aseguran que es un monstruo que se esconde y que se ha apoderado de la laguna.<\/p>\n<p>Exalumnos de un colegio militar vivieron en carne propia la desgarradora historia que los dej\u00f3 marcados para siempre y que recordar\u00e1n cada que pasen por la Laguna de San Luis. Estudiantes del plantel General Francisco de Paula de Santander salieron del batall\u00f3n luego de culminar la instrucci\u00f3n militar rutinaria de los s\u00e1bados. De regreso a la instituci\u00f3n pidieron al conductor de bus que los llevara a la laguna para refrescarse y nadar unos minutos.<\/p>\n<p>No eran m\u00e1s de 10 j\u00f3venes los que se encontraban all\u00ed. Estaban con el brigadier mayor (otro estudiante del grado once) quien lideraba a los de noveno. Llegaron a la laguna, se quitaron el uniforme y las botas, y se lanzaron a nadar.<\/p>\n<p>P\u00e9rez, de 14 a\u00f1os, ten\u00eda una gracia especial que lo hac\u00eda diferente a los compa\u00f1eros. Era el consentido en el colegio por padecer cierto nivel del s\u00edndrome Down. Le ten\u00eda miedo al agua y no sab\u00eda nadar. Entre juegos y chanzas se tir\u00f3 con el uniforme puesto. Al pasar los minutos, y ver que no sal\u00eda a la orilla los compa\u00f1eros empezaron a desesperar y algunos se lanzaron al rescate. No lo encontraban.<\/p>\n<p>Los j\u00f3venes alertaron a los directivos del colegio y a los organismos de socorro para que \u00a0encontraran a P\u00e9rez. La b\u00fasqueda fue incansable. Familiares y amigos llegaron a San Luis para esperar cualquier noticia. El tiempo corr\u00eda y P\u00e9rez no sal\u00eda de la profundidad oscura de la laguna. Todos se asustaron y esperaban lo peor.<\/p>\n<p>La madre del joven se encontraba en otra ciudad. Abord\u00f3 un avi\u00f3n y pronto lleg\u00f3 al lugar para reclamar el cuerpo del hijo. Muchos acamparon junto a la laguna. Aguardaban la salida de P\u00e9rez, pero el cuerpo de socorro no daba noticas.<\/p>\n<p>La angustia se prolong\u00f3, el p\u00e1nico crec\u00eda y la noche se torn\u00f3 fr\u00eda, oscura y estrellada. La luna era la compa\u00f1era de los temerosos j\u00f3venes y adultos, y testigo fiel de lo ocurrido. Las horas pasaron. La luna se despidi\u00f3 de la familia de P\u00e9rez y el sol brillante los salud\u00f3.<\/p>\n<p>De repente, un hombre delgado, alto, de piel oscura y ojos claros, decidi\u00f3 lanzarse al agua y con ayuda de un palo\u00a0 busc\u00f3 el cuerpo de P\u00e9rez. Tard\u00f3 un par de minutos y al salir, y en sus manos llevaba el cad\u00e1ver del joven. Thomas, hace 10 a\u00f1os, encontr\u00f3 el cad\u00e1ver. Cont\u00f3 experiencia de toda la vida con la laguna.<\/p>\n<p>Es su lugar preferido para fumarse unos cuantos porritos. Al hacerlo con su compinche, bajan a la hora que sea a la laguna y se tiran de cabeza. Entre risas record\u00f3 que ha pasado m\u00e1s de una noche, entre tragos y marihuana, en ese enigm\u00e1tico lugar. A veces, ha perdido la noci\u00f3n del tiempo. No sabe cu\u00e1nto ha sido el tiempo m\u00e1ximo que ha durado dentro del agua. Solo recuerda que al salir, la piel est\u00e1 arrugada.<\/p>\n<p>Nunca les ha pasado nada. Los vecinos los conocen y saben que solo son pelados borrachos a los que les gusta la marihuana y que no le hacen da\u00f1o a la comunidad. Otros que han bajado tarde de la noche al lugar no han corrido con la misma suerte, y han sido robados, apu\u00f1aleados o en el peor de los casos asesinados.<\/p>\n<p>Las quejas de los habitantes del sector apuntan a la inseguridad y no pueden tener tranquilidad ni siquiera en casa. Las denuncias no tienen eco en la polic\u00eda. Se rumora que en el lugar se construir\u00e1 un parque tem\u00e1tico o un conjunto residencial. Los vecinos est\u00e1n contentos con la noticia.<\/p>\n<p>Lo cierto es que nada de eso se ha llevado a cabo a\u00fan. Todos esperan que cualquier proyecto que sea favorable se ejecute lo m\u00e1s pronto posible, pero que la laguna no se acabe, porque con los secretos que guarda hace parte de la historia del barrio.<\/p>\n<p><strong>JULY G\u00c9LVEZ<\/strong><\/p>\n<p><strong>Estudiante de Comunicaci\u00f3n Social<\/strong><\/p>\n<p><strong>Universidad de Pamplona<\/strong><\/p>\n<p><strong>Campus de Villa del Rosario<\/strong><\/p>\n<p><strong>Foto: CONSUELO PAB\u00d3N<\/strong><\/p>\n<p><strong>\u00a0<\/strong><\/p>\n<p>&nbsp;<\/p>\n<p>&nbsp; <\/p>\n","protected":false},"excerpt":{"rendered":"<p>C\u00daCUTA.- La mayor\u00eda de cucute\u00f1os la conocen, o por lo menos han o\u00eddo hablar de ella, saben de la existencia, pero lo que no conocen es que esconde algo que el ojo humano no alcanza a percibir. Los vecinos del sector son los m\u00e1s expertos del tema, pues han tenido la oportunidad de sumergirse en &hellip;<\/p>\n","protected":false},"author":1,"featured_media":24482,"comment_status":"open","ping_status":"open","sticky":false,"template":"","format":"standard","meta":{"footnotes":""},"categories":[74,36],"tags":[2348],"class_list":["post-24481","post","type-post","status-publish","format-standard","has-post-thumbnail","hentry","category-aula-universitaria","category-la-voz-del-pueblo","tag-laguna-de-san-luis"],"_links":{"self":[{"href":"https:\/\/contraluzcucuta.co\/index.php?rest_route=\/wp\/v2\/posts\/24481","targetHints":{"allow":["GET"]}}],"collection":[{"href":"https:\/\/contraluzcucuta.co\/index.php?rest_route=\/wp\/v2\/posts"}],"about":[{"href":"https:\/\/contraluzcucuta.co\/index.php?rest_route=\/wp\/v2\/types\/post"}],"author":[{"embeddable":true,"href":"https:\/\/contraluzcucuta.co\/index.php?rest_route=\/wp\/v2\/users\/1"}],"replies":[{"embeddable":true,"href":"https:\/\/contraluzcucuta.co\/index.php?rest_route=%2Fwp%2Fv2%2Fcomments&post=24481"}],"version-history":[{"count":1,"href":"https:\/\/contraluzcucuta.co\/index.php?rest_route=\/wp\/v2\/posts\/24481\/revisions"}],"predecessor-version":[{"id":24483,"href":"https:\/\/contraluzcucuta.co\/index.php?rest_route=\/wp\/v2\/posts\/24481\/revisions\/24483"}],"wp:featuredmedia":[{"embeddable":true,"href":"https:\/\/contraluzcucuta.co\/index.php?rest_route=\/wp\/v2\/media\/24482"}],"wp:attachment":[{"href":"https:\/\/contraluzcucuta.co\/index.php?rest_route=%2Fwp%2Fv2%2Fmedia&parent=24481"}],"wp:term":[{"taxonomy":"category","embeddable":true,"href":"https:\/\/contraluzcucuta.co\/index.php?rest_route=%2Fwp%2Fv2%2Fcategories&post=24481"},{"taxonomy":"post_tag","embeddable":true,"href":"https:\/\/contraluzcucuta.co\/index.php?rest_route=%2Fwp%2Fv2%2Ftags&post=24481"}],"curies":[{"name":"wp","href":"https:\/\/api.w.org\/{rel}","templated":true}]}}