{"id":24478,"date":"2015-07-05T20:11:31","date_gmt":"2015-07-06T01:11:31","guid":{"rendered":"http:\/\/contraluzcucuta.co\/?p=24478"},"modified":"2015-07-07T06:22:49","modified_gmt":"2015-07-07T11:22:49","slug":"ley-anticontrabando-no-afectara-a-los-pequenos-comerciantes-que-trabajan-legalmente","status":"publish","type":"post","link":"https:\/\/contraluzcucuta.co\/?p=24478","title":{"rendered":"LEY ANTICONTRABANDO.  No afectar\u00e1 a los peque\u00f1os comerciantes que trabajan legalmente"},"content":{"rendered":"<p><strong>C\u00daCUTA.-<\/strong> El reciente estudio de percepci\u00f3n llevado a cabo en la ciudad, durante el primer trimestre de 2015, en desarrollo del programa \u2018C\u00facuta C\u00f3mo Vamos\u2019, evidenci\u00f3 que el 51 por ciento de los encuestados considera que el contrabando de productos entre Colombia y Venezuela es una \u2018costumbre\u2019 que se debe permitir.<\/p>\n<p>Sin embargo, desde el sector privado la C\u00e1mara de Comercio ve con enorme preocupaci\u00f3n los efectos negativos que trae este problema al desarrollo y la econom\u00eda, por ejemplo:<\/p>\n<p>1.- Estimula y financia organizaciones criminales, que impactan negativamente en la seguridad de los ciudadanos.<\/p>\n<p>2.- Afecta el empleo y la productividad, pues obliga a los productores nacionales del agro y la industria a enfrentar una competencia desleal.<\/p>\n<p>3.- Al no pagar impuestos, limita las capacidades del Estado para llevar a cabo pol\u00edticas sociales y de fomento de la actividad productiva.<\/p>\n<p>Hoy, el debate se presenta en\u00a0 torno a la Ley Anticontrabando, la cual entrar\u00e1 en vigencia una vez sancionada por el presidente Juan Manuel Santos. \u201cEs importante reconocer que esta normativa beneficiar\u00e1 a los empresarios \u00a0formales y promover\u00e1 el desarrollo empresarial dado que incluye herramientas para combatir la competencia desleal a la que se ven expuestos actualmente\u201d, se\u00f1al\u00f3 la C\u00e1mara de Comercio.<\/p>\n<p>Si bien el proyecto busca endurecer las penas contra el contrabando y fortalecer la institucionalidad para combatir este fen\u00f3meno, \u00a0no afectar\u00e1 a los peque\u00f1os comerciantes que trabajan legalmente.\u00a0 El objetivo es perseguir a los grandes contrabandistas del pa\u00eds.<\/p>\n<p>\u201cDesde la C\u00e1mara de Comercio de C\u00facuta vemos con benepl\u00e1cito esta nueva regulaci\u00f3n que traer\u00e1 ventajas a las empresas formales y legalmente constituidas y a la seguridad de la regi\u00f3n. Tambi\u00e9n, creemos que se deben hacer varios ejercicios de socializaci\u00f3n y acompa\u00f1amiento de esta iniciativa, as\u00ed como una estrategia de alto impacto para la generaci\u00f3n de empleo formal en las zonas de frontera del pa\u00eds\u201d.<\/p>\n<p>A mediados de semana, comerciantes y trabajadores de almacenes cucute\u00f1os salieron a protestar por la existencia de la ley. En los discursos callejeros culparon a los gobiernos municipal y departamental por no respaldarlos.<\/p>\n<p>La disposici\u00f3n nacional, \u00a0lista para sanci\u00f3n presidencial, entre otros, tendr\u00e1 los siguientes beneficios:<\/p>\n<p>1.- Endurecer\u00e1 las penas relacionadas con el contrabando. Hasta ahora, el ingreso ilegal de mercanc\u00eda al pa\u00eds estaba incluido como conducta constitutiva de lavado de activos.<\/p>\n<p>2.- Fortalecer\u00e1 la institucionalidad.<\/p>\n<p>3.- Har\u00e1 frente a un problema que afecta la competitividad y el desarrollo del pa\u00eds.<\/p>\n<p>&nbsp; <\/p>\n","protected":false},"excerpt":{"rendered":"<p>C\u00daCUTA.- El reciente estudio de percepci\u00f3n llevado a cabo en la ciudad, durante el primer trimestre de 2015, en desarrollo del programa \u2018C\u00facuta C\u00f3mo Vamos\u2019, evidenci\u00f3 que el 51 por ciento de los encuestados considera que el contrabando de productos entre Colombia y Venezuela es una \u2018costumbre\u2019 que se debe permitir. Sin embargo, desde el &hellip;<\/p>\n","protected":false},"author":1,"featured_media":24479,"comment_status":"open","ping_status":"open","sticky":false,"template":"","format":"standard","meta":{"footnotes":""},"categories":[541,6],"tags":[2301],"class_list":["post-24478","post","type-post","status-publish","format-standard","has-post-thumbnail","hentry","category-ciudad","category-ojo-avizor","tag-ley-anticontrabando"],"_links":{"self":[{"href":"https:\/\/contraluzcucuta.co\/index.php?rest_route=\/wp\/v2\/posts\/24478","targetHints":{"allow":["GET"]}}],"collection":[{"href":"https:\/\/contraluzcucuta.co\/index.php?rest_route=\/wp\/v2\/posts"}],"about":[{"href":"https:\/\/contraluzcucuta.co\/index.php?rest_route=\/wp\/v2\/types\/post"}],"author":[{"embeddable":true,"href":"https:\/\/contraluzcucuta.co\/index.php?rest_route=\/wp\/v2\/users\/1"}],"replies":[{"embeddable":true,"href":"https:\/\/contraluzcucuta.co\/index.php?rest_route=%2Fwp%2Fv2%2Fcomments&post=24478"}],"version-history":[{"count":1,"href":"https:\/\/contraluzcucuta.co\/index.php?rest_route=\/wp\/v2\/posts\/24478\/revisions"}],"predecessor-version":[{"id":24480,"href":"https:\/\/contraluzcucuta.co\/index.php?rest_route=\/wp\/v2\/posts\/24478\/revisions\/24480"}],"wp:featuredmedia":[{"embeddable":true,"href":"https:\/\/contraluzcucuta.co\/index.php?rest_route=\/wp\/v2\/media\/24479"}],"wp:attachment":[{"href":"https:\/\/contraluzcucuta.co\/index.php?rest_route=%2Fwp%2Fv2%2Fmedia&parent=24478"}],"wp:term":[{"taxonomy":"category","embeddable":true,"href":"https:\/\/contraluzcucuta.co\/index.php?rest_route=%2Fwp%2Fv2%2Fcategories&post=24478"},{"taxonomy":"post_tag","embeddable":true,"href":"https:\/\/contraluzcucuta.co\/index.php?rest_route=%2Fwp%2Fv2%2Ftags&post=24478"}],"curies":[{"name":"wp","href":"https:\/\/api.w.org\/{rel}","templated":true}]}}