{"id":24475,"date":"2015-07-03T14:18:35","date_gmt":"2015-07-03T19:18:35","guid":{"rendered":"http:\/\/contraluzcucuta.co\/?p=24475"},"modified":"2015-07-05T21:05:26","modified_gmt":"2015-07-06T02:05:26","slug":"marcha-en-cucuta-somos-comerciantes-no-somos-delincuentes","status":"publish","type":"post","link":"https:\/\/contraluzcucuta.co\/?p=24475","title":{"rendered":"MARCHA EN C\u00daCUTA. \u2018Somos comerciantes, no somos delincuentes\u2019"},"content":{"rendered":"<p><strong>C\u00daCUTA.-<\/strong> Los comerciantes de C\u00facuta est\u00e1n molestos con la Ley Anticontrabando y culpan a los gobiernos municipal y departamental de no mover u dedo para defenderlos. Los propietarios de negocios y empleados salieron a la calle a protestar y gritaron con el alma, para que los escuchen hasta en Bogot\u00e1, que no son delincuentes.<\/p>\n<p>Las camisas, los sombreros y las bombas blancas se convirtieron en el s\u00edmbolo de la marcha, que tuvo su momento expectante al darle la espalda al palacio de la Gobernaci\u00f3n, como se\u00f1al de rechazo por no acompa\u00f1arlos en la lucha que dan para mantenerse en la actividad.<\/p>\n<p>\u201cEl que (i) posea, tenga, transporte, embarque, desembarque, almacene, oculte, distribuya, comercialice o enajene mercanc\u00edas que hayan ingresado al pa\u00eds ilegalmente, cuyo valor supere los cincuenta (50) salarios m\u00ednimos legales mensuales vigentes, sin superar los doscientos (200) salarios m\u00ednimos legales mensuales vigentes, incurrir\u00e1 en pena de prisi\u00f3n de tres (3) a seis (6) a\u00f1os y multa del doscientos (200%) al trescientos (300%) por ciento del valor aduanero de la mercanc\u00eda\u201d, dice la ley.<\/p>\n<p>Esa letra menuda es con la que no comulgan los comerciantes cucute\u00f1os, porque esta ciudad vive del comercio binacional y es donde el \u2018lleve y trae\u2019 por los puentes internacionales es el pan diario. El calor de la manifestaci\u00f3n llev\u00f3 a hacer acusaciones al gobernador y los organizadores de la movilizaci\u00f3n aseguraron que \u201clo m\u00e1s terrible es (Edgar D\u00edaz) hace mercado en Venezuela\u201d.<\/p>\n<p>Achacan el crecimiento del problema a la falta de actitud, de voluntad pol\u00edtica y de pertenencia de los gobernantes locales. Los cucute\u00f1os tienen la mala costumbre de esperar hasta que el problema lo golpee para exigir soluciones. Eso ocurri\u00f3 con los comerciantes. La ley es materia de estudio desde el 2014, en el Congreso de la Rep\u00fablica.<\/p>\n<p>Ahora, cuando el documento est\u00e1 en la oficina del presidente Juan Manuel Santos para estamparle la firma es que se unieron. El peligro los acos\u00f3 y decidieron tomar el camino de la unidad para evitar que la r\u00fabrica del mandatario los perjudique en los intereses econ\u00f3micos y el flujo de caja disminuya.<\/p>\n<p>El lunes, para buscar salidas a los inconvenientes habr\u00e1 la mesa de trabajo con los ministros de Hacienda, Comercio y Agricultura. C\u00facuta tendr\u00e1 un vocero. Si los resultados no son satisfactorios proceder\u00e1n a demandar la Ley.<\/p>\n<p>La propuesta de los comerciantes apuntar\u00e1 a varios aspectos:<\/p>\n<p>1.- Suavizar los art\u00edculos \u2018terribles\u2019, como ese que cataloga de \u2018delincuentes\u2019 a los expendedores de productos no legalizados en Colombia.<\/p>\n<p>2.- Dar un plazo para que los peque\u00f1os comerciantes con ese capital puedan legalizarse y crear una empresa.<\/p>\n<p>3.- Generar proyectos espec\u00edficos para que los comerciantes puedan crear industrias y f\u00e1bricas en Colombia, con impuestos y rebajas sustanciales en predial, industria y parafiscales.<\/p>\n<p>Foto: www.contraluzcucuta.co <\/p>\n","protected":false},"excerpt":{"rendered":"<p>C\u00daCUTA.- Los comerciantes de C\u00facuta est\u00e1n molestos con la Ley Anticontrabando y culpan a los gobiernos municipal y departamental de no mover u dedo para defenderlos. Los propietarios de negocios y empleados salieron a la calle a protestar y gritaron con el alma, para que los escuchen hasta en Bogot\u00e1, que no son delincuentes. Las &hellip;<\/p>\n","protected":false},"author":1,"featured_media":24476,"comment_status":"open","ping_status":"open","sticky":false,"template":"","format":"standard","meta":{"footnotes":""},"categories":[541,36],"tags":[2301,2347],"class_list":["post-24475","post","type-post","status-publish","format-standard","has-post-thumbnail","hentry","category-ciudad","category-la-voz-del-pueblo","tag-ley-anticontrabando","tag-marcha-de-comerciantes"],"_links":{"self":[{"href":"https:\/\/contraluzcucuta.co\/index.php?rest_route=\/wp\/v2\/posts\/24475","targetHints":{"allow":["GET"]}}],"collection":[{"href":"https:\/\/contraluzcucuta.co\/index.php?rest_route=\/wp\/v2\/posts"}],"about":[{"href":"https:\/\/contraluzcucuta.co\/index.php?rest_route=\/wp\/v2\/types\/post"}],"author":[{"embeddable":true,"href":"https:\/\/contraluzcucuta.co\/index.php?rest_route=\/wp\/v2\/users\/1"}],"replies":[{"embeddable":true,"href":"https:\/\/contraluzcucuta.co\/index.php?rest_route=%2Fwp%2Fv2%2Fcomments&post=24475"}],"version-history":[{"count":1,"href":"https:\/\/contraluzcucuta.co\/index.php?rest_route=\/wp\/v2\/posts\/24475\/revisions"}],"predecessor-version":[{"id":24477,"href":"https:\/\/contraluzcucuta.co\/index.php?rest_route=\/wp\/v2\/posts\/24475\/revisions\/24477"}],"wp:featuredmedia":[{"embeddable":true,"href":"https:\/\/contraluzcucuta.co\/index.php?rest_route=\/wp\/v2\/media\/24476"}],"wp:attachment":[{"href":"https:\/\/contraluzcucuta.co\/index.php?rest_route=%2Fwp%2Fv2%2Fmedia&parent=24475"}],"wp:term":[{"taxonomy":"category","embeddable":true,"href":"https:\/\/contraluzcucuta.co\/index.php?rest_route=%2Fwp%2Fv2%2Fcategories&post=24475"},{"taxonomy":"post_tag","embeddable":true,"href":"https:\/\/contraluzcucuta.co\/index.php?rest_route=%2Fwp%2Fv2%2Ftags&post=24475"}],"curies":[{"name":"wp","href":"https:\/\/api.w.org\/{rel}","templated":true}]}}