{"id":24457,"date":"2015-07-01T22:41:25","date_gmt":"2015-07-02T03:41:25","guid":{"rendered":"http:\/\/contraluzcucuta.co\/?p=24457"},"modified":"2015-07-03T14:23:36","modified_gmt":"2015-07-03T19:23:36","slug":"justicia-transicional-estudian-plan-de-choque-para-implementar-restitucion-de-tierras","status":"publish","type":"post","link":"https:\/\/contraluzcucuta.co\/?p=24457","title":{"rendered":"JUSTICIA TRANSICIONAL. Estudian plan de choque para implementar restituci\u00f3n de tierras"},"content":{"rendered":"<p><strong>C\u00daCUTA.-<\/strong> Atendiendo la complejidad que en materia de seguridad vive Norte de Santander, pero sin desatender el compromiso de llevar el proceso de restituci\u00f3n de tierras a zonas neur\u00e1lgicas en las que el conflicto armado m\u00e1s gener\u00f3 despojo, el director nacional de la Unidad de Restituci\u00f3n de Tierras, Ricardo Sabogal, presidi\u00f3 el \u00faltimo Comit\u00e9 Operativo de Restituci\u00f3n de Tierras Local (Corl) en Norte de Santander.<\/p>\n<p>El Comit\u00e9, reunido en C\u00facuta, entreg\u00f3 de primera mano un detallado an\u00e1lisis sobre la situaci\u00f3n de orden p\u00fablico de zonas determinantes para el proceso, como El Catatumbo; estudi\u00f3 y activ\u00f3 una estrategia conjunta entre la fuerza p\u00fablica y el equipo de la URT para las actividades en terreno que se tienen proyectadas llevar a cabo en los pr\u00f3ximos dos meses.<\/p>\n<p>La priorizaci\u00f3n de actividades en ciertos puntos del territorio busca avanzar en el saneamiento de zonas en las que dar por terminado el proceso de restituci\u00f3n de tierras atendiendo, en la etapa administrativa, la totalidad de solicitudes recibidas.<\/p>\n<p>\u201cOperamos en la zona, con las dificultades propias de un proceso que se adelanta en medio del conflicto, eso obliga a que extrememos las medidas de seguridad, a que coordinemos intensamente con Ej\u00e9rcito y Polic\u00eda para que el proceso se pueda adelantar\u201d, dijo Sabogal.<\/p>\n<p>Reconoci\u00f3 que la velocidad de ac\u00e1 es diferente a la del resto del pa\u00eds, por cuenta de los inconvenientes de orden p\u00fablico en esta zona. Sin embargo, afirm\u00f3 que desean darles un parte a los reclamantes, de que se trabaja y que la tarea se hace con responsabilidad, para que cuando se d\u00e9 una decisi\u00f3n judicial la gente pueda regresar a la tierra. \u201cEse es el prop\u00f3sito del Presidente, del Gobierno y de la Unidad como tal\u201d.<\/p>\n<p>El coronel \u00c1lvaro Berm\u00fadez, comandante de la Unidad Nacional de Restituci\u00f3n de Tierras y Antiterrorismo de la Polic\u00eda, visit\u00f3 la capital de Norte de Santander para atender de primera mano la situaci\u00f3n de orden p\u00fablico con miras a solventar los escollos de los \u00faltimos d\u00edas.<\/p>\n<p>Manifest\u00f3 que se tiene previsto un plan de choque para varios de los municipios, entre esos Tib\u00fa, en que el proceso de restituci\u00f3n de tierras interviene actualmente.<\/p>\n<p>\u201cLa idea es adelantar esta pol\u00edtica nacional en Norte de Santander. Si bien tenemos en cuenta los hechos de violencia recientemente ocurridos, continuamos d\u00e1ndole cumplimiento pues sabemos que mucha gente quiere retornar a sus predios\u201d, indic\u00f3.<\/p>\n<p>La Polic\u00eda mantendr\u00e1 el acompa\u00f1amiento a la Unidad de Restituci\u00f3n de Tierras y no va a escatimar esfuerzos por parte de los escuadrones m\u00f3viles de carabineros. \u201cLo importante es el cumplimiento de la pol\u00edtica de restituci\u00f3n de tierras\u201d, explic\u00f3 el oficial.<\/p>\n<p>Al cierre del Comit\u00e9, las autoridades civiles, policivas y militares se mostraron optimistas sobre la viabilidad de desarrollar el proceso de restituci\u00f3n de tierras en Norte de Santander, al margen de los hechos de violencia recientes, los cuales no han ido dirigidos directamente en ning\u00fan momento contra el avance de este proceso en la zona.<\/p>\n<p>Foto: Pensa\u00a0Unidad de Restituci\u00f3n de Tierras <\/p>\n","protected":false},"excerpt":{"rendered":"<p>C\u00daCUTA.- Atendiendo la complejidad que en materia de seguridad vive Norte de Santander, pero sin desatender el compromiso de llevar el proceso de restituci\u00f3n de tierras a zonas neur\u00e1lgicas en las que el conflicto armado m\u00e1s gener\u00f3 despojo, el director nacional de la Unidad de Restituci\u00f3n de Tierras, Ricardo Sabogal, presidi\u00f3 el \u00faltimo Comit\u00e9 Operativo &hellip;<\/p>\n","protected":false},"author":1,"featured_media":24458,"comment_status":"open","ping_status":"open","sticky":false,"template":"","format":"standard","meta":{"footnotes":""},"categories":[5,32],"tags":[157,669,750],"class_list":["post-24457","post","type-post","status-publish","format-standard","has-post-thumbnail","hentry","category-justicia-transicional","category-recorrido-por-la-region","tag-justicia-transicional-2","tag-restitucion-de-tierras-en-norte-de-santander","tag-unidad-de-restitucion-de-tierras"],"_links":{"self":[{"href":"https:\/\/contraluzcucuta.co\/index.php?rest_route=\/wp\/v2\/posts\/24457","targetHints":{"allow":["GET"]}}],"collection":[{"href":"https:\/\/contraluzcucuta.co\/index.php?rest_route=\/wp\/v2\/posts"}],"about":[{"href":"https:\/\/contraluzcucuta.co\/index.php?rest_route=\/wp\/v2\/types\/post"}],"author":[{"embeddable":true,"href":"https:\/\/contraluzcucuta.co\/index.php?rest_route=\/wp\/v2\/users\/1"}],"replies":[{"embeddable":true,"href":"https:\/\/contraluzcucuta.co\/index.php?rest_route=%2Fwp%2Fv2%2Fcomments&post=24457"}],"version-history":[{"count":1,"href":"https:\/\/contraluzcucuta.co\/index.php?rest_route=\/wp\/v2\/posts\/24457\/revisions"}],"predecessor-version":[{"id":24459,"href":"https:\/\/contraluzcucuta.co\/index.php?rest_route=\/wp\/v2\/posts\/24457\/revisions\/24459"}],"wp:featuredmedia":[{"embeddable":true,"href":"https:\/\/contraluzcucuta.co\/index.php?rest_route=\/wp\/v2\/media\/24458"}],"wp:attachment":[{"href":"https:\/\/contraluzcucuta.co\/index.php?rest_route=%2Fwp%2Fv2%2Fmedia&parent=24457"}],"wp:term":[{"taxonomy":"category","embeddable":true,"href":"https:\/\/contraluzcucuta.co\/index.php?rest_route=%2Fwp%2Fv2%2Fcategories&post=24457"},{"taxonomy":"post_tag","embeddable":true,"href":"https:\/\/contraluzcucuta.co\/index.php?rest_route=%2Fwp%2Fv2%2Ftags&post=24457"}],"curies":[{"name":"wp","href":"https:\/\/api.w.org\/{rel}","templated":true}]}}