{"id":24449,"date":"2015-07-01T21:25:07","date_gmt":"2015-07-02T02:25:07","guid":{"rendered":"http:\/\/contraluzcucuta.co\/?p=24449"},"modified":"2015-07-03T13:25:39","modified_gmt":"2015-07-03T18:25:39","slug":"huelga-de-hambre-vendedores-ambulantes-encadenados-en-el-parque-santander","status":"publish","type":"post","link":"https:\/\/contraluzcucuta.co\/?p=24449","title":{"rendered":"HUELGA DE HAMBRE. Vendedores ambulantes, encadenados en el parque Santander"},"content":{"rendered":"<p><strong>C\u00daCUTA.-<\/strong> Gladys, Rosita, Mauricio, Armando, Hermes, son vendedores ambulantes en C\u00facuta. Cada d\u00eda sacan a la calle las mercanc\u00edas en procura de compradores. Este primero de julio madrugaron, como de costumbre, pero no llegaron a los andenes para tender la manta, armar el catre o poner la caja de cart\u00f3n y ofrecer sus productos. El punto de encuentro fue el parque Santander.<\/p>\n<p>A las 4:00 de la ma\u00f1ana, nueve comerciantes informales escogieron los postes del alumbrado de la plaza, se hicieron por tr\u00edos, sacaron las cadenas nuevas y se amarraron. \u00a0Los compa\u00f1eros ayudaron a asegurar los candados, que solo se abrir\u00e1n cuando tengan soluci\u00f3n a los problemas que los acosan hace buen tiempo.<\/p>\n<p>As\u00ed comenzaron la huelga de hambre para protestar por la falta de di\u00e1logo y la falta de atenci\u00f3n por parte de la administraci\u00f3n municipal. Los vendedores reclaman oportunidades laborales y que les permitan permanecer en las v\u00edas, aunque proponen una regulaci\u00f3n especial.<\/p>\n<p>De acuerdo con datos entregados por voceros sindicales, en la capital de Norte de Santander hay 1600 informales que pertenecen a las organizaciones y otros 3000 sin registrar. El gobierno cucute\u00f1o tiene 2358 censados, desde el 2014.<\/p>\n<p>Las cifras aumentan debido a la llegada de colombianos deportados desde Venezuela, que al no tener otro empleo toman un lugar en las calles y comienzan en el oficio. A estos \u00faltimos se suman los venezolanos que vienen a rebuscarse en C\u00facuta, permanecen en el d\u00eda y al despuntar la tarde regresan a los municipios de origen Ure\u00f1a, San Antonio, Rubio y San Crist\u00f3bal, entre los cercanos.<\/p>\n<p>En la \u00faltima asamblea del sindicato se expuso la situaci\u00f3n y se plante\u00f3 la protesta. A los nueve que decidieron iniciar la huelga no se les impuso el encadenarse, la decisi\u00f3n la tomaron por su cuenta y se ofrecieron como voluntarios. No habr\u00e1 relevos en los postes. Otra determinaci\u00f3n es que cada d\u00eda que pase sin soluci\u00f3n a las peticiones otros vendedores se amarrar\u00e1n, hasta llenar la plaza c\u00e9ntrica.<\/p>\n<p>\u201cEstamos poniendo en riesgo la vida de cinco mujeres y cuatro hombres, vendedores informales, debido a la persecuci\u00f3n y a los atropellos de la Alcald\u00eda\u201d, dijo C\u00e9sar Valencia, fiscal de la Asociaci\u00f3n Sindical de Vendedores Informales de C\u00facuta (Asovicut).<\/p>\n<p>La idea la tienen clara, se mantendr\u00e1n en el parque hasta tener una respuesta positiva por parte del alcalde Donamaris Ram\u00edrez. En las primeras horas del d\u00eda hubo un acercamiento con la secretaria de gobierno Adelaida Ontiveros, pero la reuni\u00f3n trascurri\u00f3 sin mayores acuerdos.<\/p>\n<p>Los informales de la avenida sexta, que superan los 250, llevan m\u00e1s cuatro meses sin laborar. Son vendedores de calzado, ropa, pilas, venenos y diferentes mercanc\u00edas. La administraci\u00f3n municipal decidi\u00f3 sacarlos de los andenes y en su lugar hay agentes de la polic\u00eda para no permitir el regreso a la v\u00eda.<\/p>\n<p>A la secretaria Ontiveros, seg\u00fan Valencia, le pareci\u00f3 bien la regulaci\u00f3n del espacio p\u00fablico con medidas espec\u00edficas propuesta por los manifestantes. \u201cNos ofrece ubicarnos en las avenidas novena y d\u00e9cima. Son sitios retirados del centro, entonces no son viables\u201d, dijo el vocero sindical.<\/p>\n<p>Los comerciantes callejeros quieren tener puestos con medidas espec\u00edficas, que cada uno tenga carn\u00e9 y lleve un distintivo (chaleco o franela) del sindicato al que pertenecen. Esto ayudar\u00eda a la seguridad de la ciudad.<\/p>\n<p>En las temporadas altas se agudiza el problema por la ocupaci\u00f3n del espacio. \u201cDesgraciadamente, se multiplican los vendedores y ahora con la situaci\u00f3n que afronta Venezuela se ha acrecentado\u201d, dijo C\u00e9sar Valencia. La opci\u00f3n es regular el espacio para que se queden los que est\u00e1n, que cada sindicato presente la base de datos al gobierno municipal y entre todos se eliminar\u00eda el caos en el centro de la ciudad.<\/p>\n<p>\u201cCada d\u00eda que no haya di\u00e1logo se sumar\u00e1n compa\u00f1eros, si nos toca llenar el parque lo haremos, porque no tenemos m\u00e1s salidas. Pedimos ayuda de la Cruz Roja, organismos de derechos humanos y Defensor\u00eda del Pueblo\u201d, afirm\u00f3 el portavoz de Asovicut. En las primeras horas de la huelga de hambre no se acerc\u00f3 ning\u00fan representante de esas entidades. \u201cSomos colombianos y necesitamos la ayuda de esas instituciones\u201d.<\/p>\n<p>Desde el inici\u00f3 de la administraci\u00f3n municipal ha habido inconvenientes con los vendedores ambulantes. Ni el alcalde Donamaris Ram\u00edrez, ni \u00a0los secretarios de Gobierno David Castillo y \u00d3scar Gerardino pudieron solucionar ese problema. En el \u00faltimo Consejo de Seguridad se determin\u00f3 que el espacio p\u00fablico recuperado no se ceder\u00e1.<\/p>\n<p>El gobierno local garantiz\u00f3 acompa\u00f1amiento y seguridad para quienes atiendan la oferta de retiro del espacio p\u00fablico. Ha sostenido la oferta de 45 locales en el Centro Comercial Oit\u00ed, 140 entre los galpones A y B de Cenabastos y 150 en el segundo piso del Centro Comercial Las Mercedes.<\/p>\n<p>La Sub-secretaria de Espacio P\u00fablico, Tatiana Sarmiento, dijo que conforme al mandato constitucional y legal el espacio p\u00fablico no se puede entregar, desconociendo los derechos ciudadanos a tener una libre movilizaci\u00f3n.<\/p>\n<p>La Alcald\u00eda insiste en la propuesta de la reubicaci\u00f3n, con seis meses de gracia y solo el pago de condominio. El objetivo es la recuperaci\u00f3n del espacio p\u00fablico. \u201cLa idea no es cercenar el derecho al trabajo a nadie, pero si tenemos que respetar la Constituci\u00f3n y la ley\u201d, sentenci\u00f3 Sarmiento.<\/p>\n<p>Entre tanto, Gladys, Rosita, Mauricio, Armando, Hermes y los otros cuatro comerciantes informales seguir\u00e1n encadenados a los postes del alumbrado en el parque Santander a la espera de que el tira y afloje entre sus compa\u00f1eros de lucha y los funcionarios municipales se pongan de acuerdo para tener un lugar d\u00f3nde vender las mercanc\u00edas y ganarse el pan diario.<\/p>\n<p><strong>RAFAEL ANTONIO PAB\u00d3N<\/strong><\/p>\n<p><strong>rafaelpabon58@hotmail.com<\/strong><\/p>\n<p><strong>Foto: www.contraluzcucuta.co<\/strong><\/p>\n<p><strong>Nota con apoyo de la oficina de Prensa de la Alcald\u00eda<\/strong><\/p>\n<p>&nbsp;<\/p>\n<p>&nbsp;<\/p>\n<p>&nbsp;<\/p>\n<p>&nbsp; <\/p>\n","protected":false},"excerpt":{"rendered":"<p>C\u00daCUTA.- Gladys, Rosita, Mauricio, Armando, Hermes, son vendedores ambulantes en C\u00facuta. Cada d\u00eda sacan a la calle las mercanc\u00edas en procura de compradores. Este primero de julio madrugaron, como de costumbre, pero no llegaron a los andenes para tender la manta, armar el catre o poner la caja de cart\u00f3n y ofrecer sus productos. El &hellip;<\/p>\n","protected":false},"author":1,"featured_media":24450,"comment_status":"open","ping_status":"open","sticky":false,"template":"","format":"standard","meta":{"footnotes":""},"categories":[541,10,36],"tags":[2334,2248,273,170],"class_list":["post-24449","post","type-post","status-publish","format-standard","has-post-thumbnail","hentry","category-ciudad","category-cronicas","category-la-voz-del-pueblo","tag-asovicut","tag-huelga-de-hambre","tag-parque-santander","tag-vendedores-ambulantes"],"_links":{"self":[{"href":"https:\/\/contraluzcucuta.co\/index.php?rest_route=\/wp\/v2\/posts\/24449","targetHints":{"allow":["GET"]}}],"collection":[{"href":"https:\/\/contraluzcucuta.co\/index.php?rest_route=\/wp\/v2\/posts"}],"about":[{"href":"https:\/\/contraluzcucuta.co\/index.php?rest_route=\/wp\/v2\/types\/post"}],"author":[{"embeddable":true,"href":"https:\/\/contraluzcucuta.co\/index.php?rest_route=\/wp\/v2\/users\/1"}],"replies":[{"embeddable":true,"href":"https:\/\/contraluzcucuta.co\/index.php?rest_route=%2Fwp%2Fv2%2Fcomments&post=24449"}],"version-history":[{"count":1,"href":"https:\/\/contraluzcucuta.co\/index.php?rest_route=\/wp\/v2\/posts\/24449\/revisions"}],"predecessor-version":[{"id":24451,"href":"https:\/\/contraluzcucuta.co\/index.php?rest_route=\/wp\/v2\/posts\/24449\/revisions\/24451"}],"wp:featuredmedia":[{"embeddable":true,"href":"https:\/\/contraluzcucuta.co\/index.php?rest_route=\/wp\/v2\/media\/24450"}],"wp:attachment":[{"href":"https:\/\/contraluzcucuta.co\/index.php?rest_route=%2Fwp%2Fv2%2Fmedia&parent=24449"}],"wp:term":[{"taxonomy":"category","embeddable":true,"href":"https:\/\/contraluzcucuta.co\/index.php?rest_route=%2Fwp%2Fv2%2Fcategories&post=24449"},{"taxonomy":"post_tag","embeddable":true,"href":"https:\/\/contraluzcucuta.co\/index.php?rest_route=%2Fwp%2Fv2%2Ftags&post=24449"}],"curies":[{"name":"wp","href":"https:\/\/api.w.org\/{rel}","templated":true}]}}