{"id":24442,"date":"2015-06-29T10:48:58","date_gmt":"2015-06-29T15:48:58","guid":{"rendered":"http:\/\/contraluzcucuta.co\/?p=24442"},"modified":"2015-06-29T10:48:58","modified_gmt":"2015-06-29T15:48:58","slug":"candidato-a-la-gobernacion-necesitamos-un-sistema-de-subsidio-microempresarial","status":"publish","type":"post","link":"https:\/\/contraluzcucuta.co\/?p=24442","title":{"rendered":"CANDIDATO A LA GOBERNACI\u00d3N. \u201cNecesitamos un sistema de subsidio microempresarial\u201d"},"content":{"rendered":"<p><strong>C\u00daCUTA.-<\/strong> El candidato del partido Conservador a la Gobernaci\u00f3n de Norte de Santander, Juan Carlos Garc\u00eda-Herreros, anunci\u00f3 que incluir\u00e1 en el programa de gobierno un plan de apoyo a la instalaci\u00f3n de talleres satelitales en C\u00facuta, que permita incorporar al mercado laboral, en principio, a unos 4000 ciudadanos.<\/p>\n<p>Explic\u00f3 que se trata de la aplicaci\u00f3n de un sistema crediticio especial que financiar\u00e1 la adquisici\u00f3n de maquinaria y elementos de trabajo, hasta por $ 5,0 millones. Los equipos ser\u00e1n instalados en las viviendas para laborar sin necesidad de desplazarse a otros sitios.<\/p>\n<p>El programa beneficiar\u00e1, especialmente, a mujeres cabeza de familia y discapacitados. Los favorecidos recibir\u00e1n instrucci\u00f3n mediante el Servicio Nacional de Aprendizaje (Sena). Se cubrir\u00e1n actividades en confecci\u00f3n, zapater\u00eda, artesan\u00eda y jugueter\u00eda, entre otras.<\/p>\n<p>Los nuevos aportes en materia de econ\u00f3mica fueron expuestos durante reuniones en los barrios Crisp\u00edn Dur\u00e1n, La Laguna, Buenos Aires, Ospina P\u00e9rez y los Acacios.<\/p>\n<p><strong>Foto: PRENSA DE LA CAMPA\u00d1A<\/strong> <\/p>\n","protected":false},"excerpt":{"rendered":"<p>C\u00daCUTA.- El candidato del partido Conservador a la Gobernaci\u00f3n de Norte de Santander, Juan Carlos Garc\u00eda-Herreros, anunci\u00f3 que incluir\u00e1 en el programa de gobierno un plan de apoyo a la instalaci\u00f3n de talleres satelitales en C\u00facuta, que permita incorporar al mercado laboral, en principio, a unos 4000 ciudadanos. Explic\u00f3 que se trata de la aplicaci\u00f3n &hellip;<\/p>\n","protected":false},"author":1,"featured_media":24443,"comment_status":"open","ping_status":"open","sticky":false,"template":"","format":"standard","meta":{"footnotes":""},"categories":[9],"tags":[2333,2332],"class_list":["post-24442","post","type-post","status-publish","format-standard","has-post-thumbnail","hentry","category-politica","tag-candidato-a-la-gobernacion","tag-juan-carlos-garia-herreros"],"_links":{"self":[{"href":"https:\/\/contraluzcucuta.co\/index.php?rest_route=\/wp\/v2\/posts\/24442","targetHints":{"allow":["GET"]}}],"collection":[{"href":"https:\/\/contraluzcucuta.co\/index.php?rest_route=\/wp\/v2\/posts"}],"about":[{"href":"https:\/\/contraluzcucuta.co\/index.php?rest_route=\/wp\/v2\/types\/post"}],"author":[{"embeddable":true,"href":"https:\/\/contraluzcucuta.co\/index.php?rest_route=\/wp\/v2\/users\/1"}],"replies":[{"embeddable":true,"href":"https:\/\/contraluzcucuta.co\/index.php?rest_route=%2Fwp%2Fv2%2Fcomments&post=24442"}],"version-history":[{"count":1,"href":"https:\/\/contraluzcucuta.co\/index.php?rest_route=\/wp\/v2\/posts\/24442\/revisions"}],"predecessor-version":[{"id":24444,"href":"https:\/\/contraluzcucuta.co\/index.php?rest_route=\/wp\/v2\/posts\/24442\/revisions\/24444"}],"wp:featuredmedia":[{"embeddable":true,"href":"https:\/\/contraluzcucuta.co\/index.php?rest_route=\/wp\/v2\/media\/24443"}],"wp:attachment":[{"href":"https:\/\/contraluzcucuta.co\/index.php?rest_route=%2Fwp%2Fv2%2Fmedia&parent=24442"}],"wp:term":[{"taxonomy":"category","embeddable":true,"href":"https:\/\/contraluzcucuta.co\/index.php?rest_route=%2Fwp%2Fv2%2Fcategories&post=24442"},{"taxonomy":"post_tag","embeddable":true,"href":"https:\/\/contraluzcucuta.co\/index.php?rest_route=%2Fwp%2Fv2%2Ftags&post=24442"}],"curies":[{"name":"wp","href":"https:\/\/api.w.org\/{rel}","templated":true}]}}